{"id":15344,"date":"2015-12-04T16:49:32","date_gmt":"2015-12-04T15:49:32","guid":{"rendered":"http:\/\/localhost\/wp\/the-tragic-story-of-a-kid-and-foundation-mobilization-starts-to-change-things\/"},"modified":"2015-12-04T16:49:32","modified_gmt":"2015-12-04T15:49:32","slug":"the-tragic-story-of-a-kid-and-foundation-mobilization-starts-to-change-things","status":"publish","type":"post","link":"https:\/\/imagineformargo.org\/en\/the-tragic-story-of-a-kid-and-foundation-mobilization-starts-to-change-things\/","title":{"rendered":"The tragic story of a kid and foundation mobilization starts to change things"},"content":{"rendered":"<div dir=\"ltr\">Bristol-Myers Squibb (BMS) lance en France une Fondation d&#8217;entreprise pour la recherche en Immuno-oncologie qui n&#8217;oubliera pas la p\u00e9diatrie, comme le souligne quelques extraits choisis du discours d&#8217;inauguration de la Fondation BMS :<\/div>\n<div dir=\"ltr\">\n<div>Jean-Christophe Barland, Directeur G\u00e9n\u00e9ral France : &#8220;chez BMS, nous avons \u00e9t\u00e9 particuli\u00e8rement \u00e9mus par la situation tragique du petit No\u00e9 Lemos, atteint d&#8217;un glioblastome, et cette situation tr\u00e8s douloureuse inspire nos actions au quotidien \u2026<\/div>\n<div>La fondation soutiendra des projets dans 4 grands domaines :<\/div>\n<div>1. l&#8217;onco-p\u00e9diatrie,<\/div>\n<div>2. la recherche fondamentale<\/div>\n<div>3. la recherche translationnelle et clinique<\/div>\n<div>4. la recherche en sant\u00e9 publique et parcours de soins<\/div>\n<div>Enfin, -et cela nous tient particuli\u00e8rement \u00e0 coeur &#8211; les travaux de la Fondation auront vocation \u00e0 favoriser la mise en place de structures de soins adapt\u00e9s pour les enfants, leurs parents et leurs familles, pour une am\u00e9lioration de la qualit\u00e9 de vie et du soutien apport\u00e9 aux personnes atteintes de cancer et de leurs proches.&#8221;<\/div>\n<div><\/div>\n<div>Madame la Ministre de la Sant\u00e9, Marisol Touraine ;&#8221; Votre Fondation porte 2 grandes ambitions qui rejoignent des chantiers que nous consid\u00e9rons comme majeurs. La premi\u00e8re, c&#8217;est de soutenir la recherche sur les cancers des enfants. J&#8217;y suis tr\u00e8s attach\u00e9e et je souhaite que nous progressions dans le d\u00e9veloppement de mol\u00e9cules innovantes pour gu\u00e9rir ces cancers pour lesquels nous ne disposons aujourd&#8217;hui d&#8217;aucun ou de peu de traitements sp\u00e9cifiques. La recherche industrielle doit-\u00eatre stimul\u00e9e. Je d\u00e9fendrai \u00e0 ce sujet des traitements pour les cancers p\u00e9diatriques dans les discussions avec nos partenaires sur le r\u00e8glement europ\u00e9en.&#8221;<\/div>\n<div><\/div>\n<div>Voil\u00e0 deux engagements que nous saluons et que nous ne manquerons pas de suivre.<\/div>\n<div><\/div>\n<div>Imagine for Margo est activement impliqu\u00e9e, aupr\u00e8s de tous les acteurs et d\u00e9cideurs (industriels, associations, chercheurs, r\u00e9gulateurs, parlementaires), afin que la recherche avance, que l&#8217;industrie investisse, et que la France devienne leader des changements \u00e0 apporter au R\u00e8glement p\u00e9diatrique europ\u00e9en.<\/div>\n<div>Comptez sur notre mobilisation sans faille.<\/div>\n<div><\/div>\n<div>Ci-joint les discours de JC Barland, DG France de BMS et de Marisol Touraine ,Ministre de la Sant\u00e9<\/div>\n<p>&nbsp;<\/p>\n<\/div>\n","protected":false},"excerpt":{"rendered":"<p>Bristol-Myers Squibb (BMS) lance en France une Fondation d&#8217;entreprise pour la recherche en Immuno-oncologie qui n&#8217;oubliera pas la p\u00e9diatrie, comme le souligne quelques extraits choisis du discours d&#8217;inauguration de la Fondation BMS : Jean-Christophe Barland, Directeur G\u00e9n\u00e9ral France : &#8220;chez BMS, nous avons \u00e9t\u00e9 particuli\u00e8rement \u00e9mus par la situation tragique du petit No\u00e9 Lemos, atteint [&hellip;]<\/p>\n","protected":false},"author":12,"featured_media":0,"comment_status":"open","ping_status":"open","sticky":false,"template":"","format":"standard","meta":{"_acf_changed":false,"footnotes":""},"categories":[159],"tags":[],"class_list":["post-15344","post","type-post","status-publish","format-standard","hentry","category-all-news"],"acf":[],"yoast_head":"<!-- This site is optimized with the Yoast SEO plugin v27.2 - https:\/\/yoast.com\/product\/yoast-seo-wordpress\/ -->\n<title>The tragic story of a kid and foundation mobilization starts to change things - Imagine for Margo<\/title>\n<meta name=\"robots\" content=\"index, follow, max-snippet:-1, max-image-preview:large, max-video-preview:-1\" \/>\n<link rel=\"canonical\" href=\"https:\/\/imagineformargo.org\/en\/the-tragic-story-of-a-kid-and-foundation-mobilization-starts-to-change-things\/\" \/>\n<meta property=\"og:locale\" content=\"en_US\" \/>\n<meta property=\"og:type\" content=\"article\" \/>\n<meta property=\"og:title\" content=\"The tragic story of a kid and foundation mobilization starts to change things - Imagine for Margo\" \/>\n<meta property=\"og:description\" content=\"Bristol-Myers Squibb (BMS) lance en France une Fondation d&#8217;entreprise pour la recherche en Immuno-oncologie qui n&#8217;oubliera pas la p\u00e9diatrie, comme le souligne quelques extraits choisis du discours d&#8217;inauguration de la Fondation BMS : Jean-Christophe Barland, Directeur G\u00e9n\u00e9ral France : &#8220;chez BMS, nous avons \u00e9t\u00e9 particuli\u00e8rement \u00e9mus par la situation tragique du petit No\u00e9 Lemos, atteint [&hellip;]\" \/>\n<meta property=\"og:url\" content=\"https:\/\/imagineformargo.org\/en\/the-tragic-story-of-a-kid-and-foundation-mobilization-starts-to-change-things\/\" \/>\n<meta property=\"og:site_name\" content=\"Imagine for Margo\" \/>\n<meta property=\"article:publisher\" content=\"https:\/\/www.facebook.com\/imagine.for.margo\/\" \/>\n<meta property=\"article:published_time\" content=\"2015-12-04T15:49:32+00:00\" \/>\n<meta name=\"author\" content=\"Eva Denjean\" \/>\n<meta name=\"twitter:card\" content=\"summary_large_image\" \/>\n<meta name=\"twitter:creator\" content=\"@ImagineforMargo\" \/>\n<meta name=\"twitter:site\" content=\"@ImagineforMargo\" \/>\n<meta name=\"twitter:label1\" content=\"Written by\" \/>\n\t<meta name=\"twitter:data1\" content=\"Eva Denjean\" \/>\n\t<meta name=\"twitter:label2\" content=\"Est. reading time\" \/>\n\t<meta name=\"twitter:data2\" content=\"2 minutes\" \/>\n<script type=\"application\/ld+json\" class=\"yoast-schema-graph\">{\"@context\":\"https:\/\/schema.org\",\"@graph\":[{\"@type\":\"Article\",\"@id\":\"https:\/\/imagineformargo.org\/en\/the-tragic-story-of-a-kid-and-foundation-mobilization-starts-to-change-things\/#article\",\"isPartOf\":{\"@id\":\"https:\/\/imagineformargo.org\/en\/the-tragic-story-of-a-kid-and-foundation-mobilization-starts-to-change-things\/\"},\"author\":{\"name\":\"Eva Denjean\",\"@id\":\"https:\/\/imagineformargo.org\/#\/schema\/person\/8efbeaf43525684a641123955b09bf5f\"},\"headline\":\"The tragic story of a kid and foundation mobilization starts to change things\",\"datePublished\":\"2015-12-04T15:49:32+00:00\",\"mainEntityOfPage\":{\"@id\":\"https:\/\/imagineformargo.org\/en\/the-tragic-story-of-a-kid-and-foundation-mobilization-starts-to-change-things\/\"},\"wordCount\":368,\"commentCount\":0,\"publisher\":{\"@id\":\"https:\/\/imagineformargo.org\/#organization\"},\"articleSection\":[\"News\"],\"inLanguage\":\"en-US\",\"potentialAction\":[{\"@type\":\"CommentAction\",\"name\":\"Comment\",\"target\":[\"https:\/\/imagineformargo.org\/en\/the-tragic-story-of-a-kid-and-foundation-mobilization-starts-to-change-things\/#respond\"]}]},{\"@type\":\"WebPage\",\"@id\":\"https:\/\/imagineformargo.org\/en\/the-tragic-story-of-a-kid-and-foundation-mobilization-starts-to-change-things\/\",\"url\":\"https:\/\/imagineformargo.org\/en\/the-tragic-story-of-a-kid-and-foundation-mobilization-starts-to-change-things\/\",\"name\":\"The tragic story of a kid and foundation mobilization starts to change things - Imagine for Margo\",\"isPartOf\":{\"@id\":\"https:\/\/imagineformargo.org\/#website\"},\"datePublished\":\"2015-12-04T15:49:32+00:00\",\"breadcrumb\":{\"@id\":\"https:\/\/imagineformargo.org\/en\/the-tragic-story-of-a-kid-and-foundation-mobilization-starts-to-change-things\/#breadcrumb\"},\"inLanguage\":\"en-US\",\"potentialAction\":[{\"@type\":\"ReadAction\",\"target\":[\"https:\/\/imagineformargo.org\/en\/the-tragic-story-of-a-kid-and-foundation-mobilization-starts-to-change-things\/\"]}]},{\"@type\":\"BreadcrumbList\",\"@id\":\"https:\/\/imagineformargo.org\/en\/the-tragic-story-of-a-kid-and-foundation-mobilization-starts-to-change-things\/#breadcrumb\",\"itemListElement\":[{\"@type\":\"ListItem\",\"position\":1,\"name\":\"Accueil\",\"item\":\"https:\/\/imagineformargo.org\/en\/\"},{\"@type\":\"ListItem\",\"position\":2,\"name\":\"The tragic story of a kid and foundation mobilization starts to change things\"}]},{\"@type\":\"WebSite\",\"@id\":\"https:\/\/imagineformargo.org\/#website\",\"url\":\"https:\/\/imagineformargo.org\/\",\"name\":\"Imagine for Margo\",\"description\":\"Children without Cancer\",\"publisher\":{\"@id\":\"https:\/\/imagineformargo.org\/#organization\"},\"potentialAction\":[{\"@type\":\"SearchAction\",\"target\":{\"@type\":\"EntryPoint\",\"urlTemplate\":\"https:\/\/imagineformargo.org\/?s={search_term_string}\"},\"query-input\":{\"@type\":\"PropertyValueSpecification\",\"valueRequired\":true,\"valueName\":\"search_term_string\"}}],\"inLanguage\":\"en-US\"},{\"@type\":\"Organization\",\"@id\":\"https:\/\/imagineformargo.org\/#organization\",\"name\":\"Imagine for Margo\",\"url\":\"https:\/\/imagineformargo.org\/\",\"logo\":{\"@type\":\"ImageObject\",\"inLanguage\":\"en-US\",\"@id\":\"https:\/\/imagineformargo.org\/#\/schema\/logo\/image\/\",\"url\":\"https:\/\/imagineformargo.org\/wp-content\/uploads\/logo-imagine-for-margo-long.png\",\"contentUrl\":\"https:\/\/imagineformargo.org\/wp-content\/uploads\/logo-imagine-for-margo-long.png\",\"width\":1911,\"height\":623,\"caption\":\"Imagine for Margo\"},\"image\":{\"@id\":\"https:\/\/imagineformargo.org\/#\/schema\/logo\/image\/\"},\"sameAs\":[\"https:\/\/www.facebook.com\/imagine.for.margo\/\",\"https:\/\/x.com\/ImagineforMargo\",\"https:\/\/www.instagram.com\/imagineformargo_officiel\/\",\"https:\/\/www.linkedin.com\/company\/imagine-for-margo\/\",\"https:\/\/www.youtube.com\/@imagineformargo2352\",\"https:\/\/www.tiktok.com\/@imagine_for_margo\"]},{\"@type\":\"Person\",\"@id\":\"https:\/\/imagineformargo.org\/#\/schema\/person\/8efbeaf43525684a641123955b09bf5f\",\"name\":\"Eva Denjean\",\"image\":{\"@type\":\"ImageObject\",\"inLanguage\":\"en-US\",\"@id\":\"https:\/\/secure.gravatar.com\/avatar\/52515b91882d3fb7b8453c4b7bf415c6aefc0428cb2307c91dbc1af0060610a7?s=96&d=mm&r=g\",\"url\":\"https:\/\/secure.gravatar.com\/avatar\/52515b91882d3fb7b8453c4b7bf415c6aefc0428cb2307c91dbc1af0060610a7?s=96&d=mm&r=g\",\"contentUrl\":\"https:\/\/secure.gravatar.com\/avatar\/52515b91882d3fb7b8453c4b7bf415c6aefc0428cb2307c91dbc1af0060610a7?s=96&d=mm&r=g\",\"caption\":\"Eva Denjean\"},\"url\":\"https:\/\/imagineformargo.org\/en\/author\/eva\/\"}]}<\/script>\n<!-- \/ Yoast SEO plugin. -->","yoast_head_json":{"title":"The tragic story of a kid and foundation mobilization starts to change things - Imagine for Margo","robots":{"index":"index","follow":"follow","max-snippet":"max-snippet:-1","max-image-preview":"max-image-preview:large","max-video-preview":"max-video-preview:-1"},"canonical":"https:\/\/imagineformargo.org\/en\/the-tragic-story-of-a-kid-and-foundation-mobilization-starts-to-change-things\/","og_locale":"en_US","og_type":"article","og_title":"The tragic story of a kid and foundation mobilization starts to change things - Imagine for Margo","og_description":"Bristol-Myers Squibb (BMS) lance en France une Fondation d&#8217;entreprise pour la recherche en Immuno-oncologie qui n&#8217;oubliera pas la p\u00e9diatrie, comme le souligne quelques extraits choisis du discours d&#8217;inauguration de la Fondation BMS : Jean-Christophe Barland, Directeur G\u00e9n\u00e9ral France : &#8220;chez BMS, nous avons \u00e9t\u00e9 particuli\u00e8rement \u00e9mus par la situation tragique du petit No\u00e9 Lemos, atteint [&hellip;]","og_url":"https:\/\/imagineformargo.org\/en\/the-tragic-story-of-a-kid-and-foundation-mobilization-starts-to-change-things\/","og_site_name":"Imagine for Margo","article_publisher":"https:\/\/www.facebook.com\/imagine.for.margo\/","article_published_time":"2015-12-04T15:49:32+00:00","author":"Eva Denjean","twitter_card":"summary_large_image","twitter_creator":"@ImagineforMargo","twitter_site":"@ImagineforMargo","twitter_misc":{"Written by":"Eva Denjean","Est. reading time":"2 minutes"},"schema":{"@context":"https:\/\/schema.org","@graph":[{"@type":"Article","@id":"https:\/\/imagineformargo.org\/en\/the-tragic-story-of-a-kid-and-foundation-mobilization-starts-to-change-things\/#article","isPartOf":{"@id":"https:\/\/imagineformargo.org\/en\/the-tragic-story-of-a-kid-and-foundation-mobilization-starts-to-change-things\/"},"author":{"name":"Eva Denjean","@id":"https:\/\/imagineformargo.org\/#\/schema\/person\/8efbeaf43525684a641123955b09bf5f"},"headline":"The tragic story of a kid and foundation mobilization starts to change things","datePublished":"2015-12-04T15:49:32+00:00","mainEntityOfPage":{"@id":"https:\/\/imagineformargo.org\/en\/the-tragic-story-of-a-kid-and-foundation-mobilization-starts-to-change-things\/"},"wordCount":368,"commentCount":0,"publisher":{"@id":"https:\/\/imagineformargo.org\/#organization"},"articleSection":["News"],"inLanguage":"en-US","potentialAction":[{"@type":"CommentAction","name":"Comment","target":["https:\/\/imagineformargo.org\/en\/the-tragic-story-of-a-kid-and-foundation-mobilization-starts-to-change-things\/#respond"]}]},{"@type":"WebPage","@id":"https:\/\/imagineformargo.org\/en\/the-tragic-story-of-a-kid-and-foundation-mobilization-starts-to-change-things\/","url":"https:\/\/imagineformargo.org\/en\/the-tragic-story-of-a-kid-and-foundation-mobilization-starts-to-change-things\/","name":"The tragic story of a kid and foundation mobilization starts to change things - Imagine for Margo","isPartOf":{"@id":"https:\/\/imagineformargo.org\/#website"},"datePublished":"2015-12-04T15:49:32+00:00","breadcrumb":{"@id":"https:\/\/imagineformargo.org\/en\/the-tragic-story-of-a-kid-and-foundation-mobilization-starts-to-change-things\/#breadcrumb"},"inLanguage":"en-US","potentialAction":[{"@type":"ReadAction","target":["https:\/\/imagineformargo.org\/en\/the-tragic-story-of-a-kid-and-foundation-mobilization-starts-to-change-things\/"]}]},{"@type":"BreadcrumbList","@id":"https:\/\/imagineformargo.org\/en\/the-tragic-story-of-a-kid-and-foundation-mobilization-starts-to-change-things\/#breadcrumb","itemListElement":[{"@type":"ListItem","position":1,"name":"Accueil","item":"https:\/\/imagineformargo.org\/en\/"},{"@type":"ListItem","position":2,"name":"The tragic story of a kid and foundation mobilization starts to change things"}]},{"@type":"WebSite","@id":"https:\/\/imagineformargo.org\/#website","url":"https:\/\/imagineformargo.org\/","name":"Imagine for Margo","description":"Children without Cancer","publisher":{"@id":"https:\/\/imagineformargo.org\/#organization"},"potentialAction":[{"@type":"SearchAction","target":{"@type":"EntryPoint","urlTemplate":"https:\/\/imagineformargo.org\/?s={search_term_string}"},"query-input":{"@type":"PropertyValueSpecification","valueRequired":true,"valueName":"search_term_string"}}],"inLanguage":"en-US"},{"@type":"Organization","@id":"https:\/\/imagineformargo.org\/#organization","name":"Imagine for Margo","url":"https:\/\/imagineformargo.org\/","logo":{"@type":"ImageObject","inLanguage":"en-US","@id":"https:\/\/imagineformargo.org\/#\/schema\/logo\/image\/","url":"https:\/\/imagineformargo.org\/wp-content\/uploads\/logo-imagine-for-margo-long.png","contentUrl":"https:\/\/imagineformargo.org\/wp-content\/uploads\/logo-imagine-for-margo-long.png","width":1911,"height":623,"caption":"Imagine for Margo"},"image":{"@id":"https:\/\/imagineformargo.org\/#\/schema\/logo\/image\/"},"sameAs":["https:\/\/www.facebook.com\/imagine.for.margo\/","https:\/\/x.com\/ImagineforMargo","https:\/\/www.instagram.com\/imagineformargo_officiel\/","https:\/\/www.linkedin.com\/company\/imagine-for-margo\/","https:\/\/www.youtube.com\/@imagineformargo2352","https:\/\/www.tiktok.com\/@imagine_for_margo"]},{"@type":"Person","@id":"https:\/\/imagineformargo.org\/#\/schema\/person\/8efbeaf43525684a641123955b09bf5f","name":"Eva Denjean","image":{"@type":"ImageObject","inLanguage":"en-US","@id":"https:\/\/secure.gravatar.com\/avatar\/52515b91882d3fb7b8453c4b7bf415c6aefc0428cb2307c91dbc1af0060610a7?s=96&d=mm&r=g","url":"https:\/\/secure.gravatar.com\/avatar\/52515b91882d3fb7b8453c4b7bf415c6aefc0428cb2307c91dbc1af0060610a7?s=96&d=mm&r=g","contentUrl":"https:\/\/secure.gravatar.com\/avatar\/52515b91882d3fb7b8453c4b7bf415c6aefc0428cb2307c91dbc1af0060610a7?s=96&d=mm&r=g","caption":"Eva Denjean"},"url":"https:\/\/imagineformargo.org\/en\/author\/eva\/"}]}},"_links":{"self":[{"href":"https:\/\/imagineformargo.org\/en\/wp-json\/wp\/v2\/posts\/15344","targetHints":{"allow":["GET"]}}],"collection":[{"href":"https:\/\/imagineformargo.org\/en\/wp-json\/wp\/v2\/posts"}],"about":[{"href":"https:\/\/imagineformargo.org\/en\/wp-json\/wp\/v2\/types\/post"}],"author":[{"embeddable":true,"href":"https:\/\/imagineformargo.org\/en\/wp-json\/wp\/v2\/users\/12"}],"replies":[{"embeddable":true,"href":"https:\/\/imagineformargo.org\/en\/wp-json\/wp\/v2\/comments?post=15344"}],"version-history":[{"count":0,"href":"https:\/\/imagineformargo.org\/en\/wp-json\/wp\/v2\/posts\/15344\/revisions"}],"wp:attachment":[{"href":"https:\/\/imagineformargo.org\/en\/wp-json\/wp\/v2\/media?parent=15344"}],"wp:term":[{"taxonomy":"category","embeddable":true,"href":"https:\/\/imagineformargo.org\/en\/wp-json\/wp\/v2\/categories?post=15344"},{"taxonomy":"post_tag","embeddable":true,"href":"https:\/\/imagineformargo.org\/en\/wp-json\/wp\/v2\/tags?post=15344"}],"curies":[{"name":"wp","href":"https:\/\/api.w.org\/{rel}","templated":true}]}}