{"id":15439,"date":"2016-06-09T17:44:28","date_gmt":"2016-06-09T16:44:28","guid":{"rendered":"http:\/\/localhost\/wp\/la-chorale-tempo-a-chante-pour-imagine-for-margo-2\/"},"modified":"2016-06-09T17:44:28","modified_gmt":"2016-06-09T16:44:28","slug":"la-chorale-tempo-a-chante-pour-imagine-for-margo-2","status":"publish","type":"post","link":"https:\/\/imagineformargo.org\/en\/la-chorale-tempo-a-chante-pour-imagine-for-margo-2\/","title":{"rendered":"La chorale Tempo a chant\u00e9 pour Imagine for Margo"},"content":{"rendered":"<p>Un grand merci \u00e0 Pascal le grand-p\u00e8re de Cl\u00e9ment, \u00e0 Jean-Marie directeur de la chorale TEMPO et \u00e0 l\u2019ensemble de ses musiciens rassembl\u00e9s dans l\u2019\u00e9glise de l\u2019Immacul\u00e9e Conception de Cambrai (59). Ce fut un tr\u00e8s beau spectacle compos\u00e9 de vari\u00e9t\u00e9s fran\u00e7aises. Plus de 1800\u20ac ont \u00e9t\u00e9 r\u00e9colt\u00e9s pour la recherche dimanche 5 juin gr\u00e2ce \u00e0 la g\u00e9n\u00e9rosit\u00e9 des spectateurs.<\/p>\n<p><a href=\"https:\/\/imagineformargo.org\/wp-content\/uploads\/capture-decran-2016-06-09-a-18-43-46.png\"><img loading=\"lazy\" decoding=\"async\" class=\"aligncenter size-full wp-image-9536\" alt=\"Capture d\u2019e\u0301cran 2016-06-09 a\u0300 18.43.46\" src=\"https:\/\/imagineformargo.org\/wp-content\/uploads\/capture-decran-2016-06-09-a-18-43-46.png\" width=\"465\" height=\"528\" \/><\/a><\/p>\n","protected":false},"excerpt":{"rendered":"<p>Un grand merci \u00e0 Pascal le grand-p\u00e8re de Cl\u00e9ment, \u00e0 Jean-Marie directeur de la chorale TEMPO et \u00e0 l\u2019ensemble de ses musiciens rassembl\u00e9s dans l\u2019\u00e9glise de l\u2019Immacul\u00e9e Conception de Cambrai (59). Ce fut un tr\u00e8s beau spectacle compos\u00e9 de vari\u00e9t\u00e9s fran\u00e7aises. Plus de 1800\u20ac ont \u00e9t\u00e9 r\u00e9colt\u00e9s pour la recherche dimanche 5 juin gr\u00e2ce \u00e0 [&hellip;]<\/p>\n","protected":false},"author":12,"featured_media":0,"comment_status":"open","ping_status":"open","sticky":false,"template":"","format":"standard","meta":{"_acf_changed":false,"footnotes":""},"categories":[159],"tags":[],"class_list":["post-15439","post","type-post","status-publish","format-standard","hentry","category-all-news"],"acf":[],"yoast_head":"<!-- This site is optimized with the Yoast SEO plugin v27.2 - https:\/\/yoast.com\/product\/yoast-seo-wordpress\/ -->\n<title>La chorale Tempo a chant\u00e9 pour Imagine for Margo - Imagine for Margo<\/title>\n<meta name=\"robots\" content=\"index, follow, max-snippet:-1, max-image-preview:large, max-video-preview:-1\" \/>\n<link rel=\"canonical\" href=\"https:\/\/imagineformargo.org\/en\/la-chorale-tempo-a-chante-pour-imagine-for-margo-2\/\" \/>\n<meta property=\"og:locale\" content=\"en_US\" \/>\n<meta property=\"og:type\" content=\"article\" \/>\n<meta property=\"og:title\" content=\"La chorale Tempo a chant\u00e9 pour Imagine for Margo - Imagine for Margo\" \/>\n<meta property=\"og:description\" content=\"Un grand merci \u00e0 Pascal le grand-p\u00e8re de Cl\u00e9ment, \u00e0 Jean-Marie directeur de la chorale TEMPO et \u00e0 l\u2019ensemble de ses musiciens rassembl\u00e9s dans l\u2019\u00e9glise de l\u2019Immacul\u00e9e Conception de Cambrai (59). Ce fut un tr\u00e8s beau spectacle compos\u00e9 de vari\u00e9t\u00e9s fran\u00e7aises. Plus de 1800\u20ac ont \u00e9t\u00e9 r\u00e9colt\u00e9s pour la recherche dimanche 5 juin gr\u00e2ce \u00e0 [&hellip;]\" \/>\n<meta property=\"og:url\" content=\"https:\/\/imagineformargo.org\/en\/la-chorale-tempo-a-chante-pour-imagine-for-margo-2\/\" \/>\n<meta property=\"og:site_name\" content=\"Imagine for Margo\" \/>\n<meta property=\"article:publisher\" content=\"https:\/\/www.facebook.com\/imagine.for.margo\/\" \/>\n<meta property=\"article:published_time\" content=\"2016-06-09T16:44:28+00:00\" \/>\n<meta property=\"og:image\" content=\"https:\/\/imagineformargo.org\/wp-content\/uploads\/capture-decran-2016-06-09-a-18-43-46.png\" \/>\n<meta name=\"author\" content=\"Eva Denjean\" \/>\n<meta name=\"twitter:card\" content=\"summary_large_image\" \/>\n<meta name=\"twitter:creator\" content=\"@ImagineforMargo\" \/>\n<meta name=\"twitter:site\" content=\"@ImagineforMargo\" \/>\n<meta name=\"twitter:label1\" content=\"Written by\" \/>\n\t<meta name=\"twitter:data1\" content=\"Eva Denjean\" \/>\n<script type=\"application\/ld+json\" class=\"yoast-schema-graph\">{\"@context\":\"https:\/\/schema.org\",\"@graph\":[{\"@type\":\"Article\",\"@id\":\"https:\/\/imagineformargo.org\/en\/la-chorale-tempo-a-chante-pour-imagine-for-margo-2\/#article\",\"isPartOf\":{\"@id\":\"https:\/\/imagineformargo.org\/en\/la-chorale-tempo-a-chante-pour-imagine-for-margo-2\/\"},\"author\":{\"name\":\"Eva Denjean\",\"@id\":\"https:\/\/imagineformargo.org\/#\/schema\/person\/8efbeaf43525684a641123955b09bf5f\"},\"headline\":\"La chorale Tempo a chant\u00e9 pour Imagine for Margo\",\"datePublished\":\"2016-06-09T16:44:28+00:00\",\"mainEntityOfPage\":{\"@id\":\"https:\/\/imagineformargo.org\/en\/la-chorale-tempo-a-chante-pour-imagine-for-margo-2\/\"},\"wordCount\":77,\"commentCount\":0,\"publisher\":{\"@id\":\"https:\/\/imagineformargo.org\/#organization\"},\"image\":{\"@id\":\"https:\/\/imagineformargo.org\/en\/la-chorale-tempo-a-chante-pour-imagine-for-margo-2\/#primaryimage\"},\"thumbnailUrl\":\"https:\/\/imagineformargo.org\/wp-content\/uploads\/capture-decran-2016-06-09-a-18-43-46.png\",\"articleSection\":[\"News\"],\"inLanguage\":\"en-US\",\"potentialAction\":[{\"@type\":\"CommentAction\",\"name\":\"Comment\",\"target\":[\"https:\/\/imagineformargo.org\/en\/la-chorale-tempo-a-chante-pour-imagine-for-margo-2\/#respond\"]}]},{\"@type\":\"WebPage\",\"@id\":\"https:\/\/imagineformargo.org\/en\/la-chorale-tempo-a-chante-pour-imagine-for-margo-2\/\",\"url\":\"https:\/\/imagineformargo.org\/en\/la-chorale-tempo-a-chante-pour-imagine-for-margo-2\/\",\"name\":\"La chorale Tempo a chant\u00e9 pour Imagine for Margo - Imagine for Margo\",\"isPartOf\":{\"@id\":\"https:\/\/imagineformargo.org\/#website\"},\"primaryImageOfPage\":{\"@id\":\"https:\/\/imagineformargo.org\/en\/la-chorale-tempo-a-chante-pour-imagine-for-margo-2\/#primaryimage\"},\"image\":{\"@id\":\"https:\/\/imagineformargo.org\/en\/la-chorale-tempo-a-chante-pour-imagine-for-margo-2\/#primaryimage\"},\"thumbnailUrl\":\"https:\/\/imagineformargo.org\/wp-content\/uploads\/capture-decran-2016-06-09-a-18-43-46.png\",\"datePublished\":\"2016-06-09T16:44:28+00:00\",\"breadcrumb\":{\"@id\":\"https:\/\/imagineformargo.org\/en\/la-chorale-tempo-a-chante-pour-imagine-for-margo-2\/#breadcrumb\"},\"inLanguage\":\"en-US\",\"potentialAction\":[{\"@type\":\"ReadAction\",\"target\":[\"https:\/\/imagineformargo.org\/en\/la-chorale-tempo-a-chante-pour-imagine-for-margo-2\/\"]}]},{\"@type\":\"ImageObject\",\"inLanguage\":\"en-US\",\"@id\":\"https:\/\/imagineformargo.org\/en\/la-chorale-tempo-a-chante-pour-imagine-for-margo-2\/#primaryimage\",\"url\":\"https:\/\/imagineformargo.org\/wp-content\/uploads\/capture-decran-2016-06-09-a-18-43-46.png\",\"contentUrl\":\"https:\/\/imagineformargo.org\/wp-content\/uploads\/capture-decran-2016-06-09-a-18-43-46.png\"},{\"@type\":\"BreadcrumbList\",\"@id\":\"https:\/\/imagineformargo.org\/en\/la-chorale-tempo-a-chante-pour-imagine-for-margo-2\/#breadcrumb\",\"itemListElement\":[{\"@type\":\"ListItem\",\"position\":1,\"name\":\"Accueil\",\"item\":\"https:\/\/imagineformargo.org\/en\/\"},{\"@type\":\"ListItem\",\"position\":2,\"name\":\"La chorale Tempo a chant\u00e9 pour Imagine for Margo\"}]},{\"@type\":\"WebSite\",\"@id\":\"https:\/\/imagineformargo.org\/#website\",\"url\":\"https:\/\/imagineformargo.org\/\",\"name\":\"Imagine for Margo\",\"description\":\"Children without Cancer\",\"publisher\":{\"@id\":\"https:\/\/imagineformargo.org\/#organization\"},\"potentialAction\":[{\"@type\":\"SearchAction\",\"target\":{\"@type\":\"EntryPoint\",\"urlTemplate\":\"https:\/\/imagineformargo.org\/?s={search_term_string}\"},\"query-input\":{\"@type\":\"PropertyValueSpecification\",\"valueRequired\":true,\"valueName\":\"search_term_string\"}}],\"inLanguage\":\"en-US\"},{\"@type\":\"Organization\",\"@id\":\"https:\/\/imagineformargo.org\/#organization\",\"name\":\"Imagine for Margo\",\"url\":\"https:\/\/imagineformargo.org\/\",\"logo\":{\"@type\":\"ImageObject\",\"inLanguage\":\"en-US\",\"@id\":\"https:\/\/imagineformargo.org\/#\/schema\/logo\/image\/\",\"url\":\"https:\/\/imagineformargo.org\/wp-content\/uploads\/logo-imagine-for-margo-long.png\",\"contentUrl\":\"https:\/\/imagineformargo.org\/wp-content\/uploads\/logo-imagine-for-margo-long.png\",\"width\":1911,\"height\":623,\"caption\":\"Imagine for Margo\"},\"image\":{\"@id\":\"https:\/\/imagineformargo.org\/#\/schema\/logo\/image\/\"},\"sameAs\":[\"https:\/\/www.facebook.com\/imagine.for.margo\/\",\"https:\/\/x.com\/ImagineforMargo\",\"https:\/\/www.instagram.com\/imagineformargo_officiel\/\",\"https:\/\/www.linkedin.com\/company\/imagine-for-margo\/\",\"https:\/\/www.youtube.com\/@imagineformargo2352\",\"https:\/\/www.tiktok.com\/@imagine_for_margo\"]},{\"@type\":\"Person\",\"@id\":\"https:\/\/imagineformargo.org\/#\/schema\/person\/8efbeaf43525684a641123955b09bf5f\",\"name\":\"Eva Denjean\",\"image\":{\"@type\":\"ImageObject\",\"inLanguage\":\"en-US\",\"@id\":\"https:\/\/secure.gravatar.com\/avatar\/52515b91882d3fb7b8453c4b7bf415c6aefc0428cb2307c91dbc1af0060610a7?s=96&d=mm&r=g\",\"url\":\"https:\/\/secure.gravatar.com\/avatar\/52515b91882d3fb7b8453c4b7bf415c6aefc0428cb2307c91dbc1af0060610a7?s=96&d=mm&r=g\",\"contentUrl\":\"https:\/\/secure.gravatar.com\/avatar\/52515b91882d3fb7b8453c4b7bf415c6aefc0428cb2307c91dbc1af0060610a7?s=96&d=mm&r=g\",\"caption\":\"Eva Denjean\"},\"url\":\"https:\/\/imagineformargo.org\/en\/author\/eva\/\"}]}<\/script>\n<!-- \/ Yoast SEO plugin. -->","yoast_head_json":{"title":"La chorale Tempo a chant\u00e9 pour Imagine for Margo - Imagine for Margo","robots":{"index":"index","follow":"follow","max-snippet":"max-snippet:-1","max-image-preview":"max-image-preview:large","max-video-preview":"max-video-preview:-1"},"canonical":"https:\/\/imagineformargo.org\/en\/la-chorale-tempo-a-chante-pour-imagine-for-margo-2\/","og_locale":"en_US","og_type":"article","og_title":"La chorale Tempo a chant\u00e9 pour Imagine for Margo - Imagine for Margo","og_description":"Un grand merci \u00e0 Pascal le grand-p\u00e8re de Cl\u00e9ment, \u00e0 Jean-Marie directeur de la chorale TEMPO et \u00e0 l\u2019ensemble de ses musiciens rassembl\u00e9s dans l\u2019\u00e9glise de l\u2019Immacul\u00e9e Conception de Cambrai (59). Ce fut un tr\u00e8s beau spectacle compos\u00e9 de vari\u00e9t\u00e9s fran\u00e7aises. Plus de 1800\u20ac ont \u00e9t\u00e9 r\u00e9colt\u00e9s pour la recherche dimanche 5 juin gr\u00e2ce \u00e0 [&hellip;]","og_url":"https:\/\/imagineformargo.org\/en\/la-chorale-tempo-a-chante-pour-imagine-for-margo-2\/","og_site_name":"Imagine for Margo","article_publisher":"https:\/\/www.facebook.com\/imagine.for.margo\/","article_published_time":"2016-06-09T16:44:28+00:00","og_image":[{"url":"https:\/\/imagineformargo.org\/wp-content\/uploads\/capture-decran-2016-06-09-a-18-43-46.png","type":"","width":"","height":""}],"author":"Eva Denjean","twitter_card":"summary_large_image","twitter_creator":"@ImagineforMargo","twitter_site":"@ImagineforMargo","twitter_misc":{"Written by":"Eva Denjean"},"schema":{"@context":"https:\/\/schema.org","@graph":[{"@type":"Article","@id":"https:\/\/imagineformargo.org\/en\/la-chorale-tempo-a-chante-pour-imagine-for-margo-2\/#article","isPartOf":{"@id":"https:\/\/imagineformargo.org\/en\/la-chorale-tempo-a-chante-pour-imagine-for-margo-2\/"},"author":{"name":"Eva Denjean","@id":"https:\/\/imagineformargo.org\/#\/schema\/person\/8efbeaf43525684a641123955b09bf5f"},"headline":"La chorale Tempo a chant\u00e9 pour Imagine for Margo","datePublished":"2016-06-09T16:44:28+00:00","mainEntityOfPage":{"@id":"https:\/\/imagineformargo.org\/en\/la-chorale-tempo-a-chante-pour-imagine-for-margo-2\/"},"wordCount":77,"commentCount":0,"publisher":{"@id":"https:\/\/imagineformargo.org\/#organization"},"image":{"@id":"https:\/\/imagineformargo.org\/en\/la-chorale-tempo-a-chante-pour-imagine-for-margo-2\/#primaryimage"},"thumbnailUrl":"https:\/\/imagineformargo.org\/wp-content\/uploads\/capture-decran-2016-06-09-a-18-43-46.png","articleSection":["News"],"inLanguage":"en-US","potentialAction":[{"@type":"CommentAction","name":"Comment","target":["https:\/\/imagineformargo.org\/en\/la-chorale-tempo-a-chante-pour-imagine-for-margo-2\/#respond"]}]},{"@type":"WebPage","@id":"https:\/\/imagineformargo.org\/en\/la-chorale-tempo-a-chante-pour-imagine-for-margo-2\/","url":"https:\/\/imagineformargo.org\/en\/la-chorale-tempo-a-chante-pour-imagine-for-margo-2\/","name":"La chorale Tempo a chant\u00e9 pour Imagine for Margo - Imagine for Margo","isPartOf":{"@id":"https:\/\/imagineformargo.org\/#website"},"primaryImageOfPage":{"@id":"https:\/\/imagineformargo.org\/en\/la-chorale-tempo-a-chante-pour-imagine-for-margo-2\/#primaryimage"},"image":{"@id":"https:\/\/imagineformargo.org\/en\/la-chorale-tempo-a-chante-pour-imagine-for-margo-2\/#primaryimage"},"thumbnailUrl":"https:\/\/imagineformargo.org\/wp-content\/uploads\/capture-decran-2016-06-09-a-18-43-46.png","datePublished":"2016-06-09T16:44:28+00:00","breadcrumb":{"@id":"https:\/\/imagineformargo.org\/en\/la-chorale-tempo-a-chante-pour-imagine-for-margo-2\/#breadcrumb"},"inLanguage":"en-US","potentialAction":[{"@type":"ReadAction","target":["https:\/\/imagineformargo.org\/en\/la-chorale-tempo-a-chante-pour-imagine-for-margo-2\/"]}]},{"@type":"ImageObject","inLanguage":"en-US","@id":"https:\/\/imagineformargo.org\/en\/la-chorale-tempo-a-chante-pour-imagine-for-margo-2\/#primaryimage","url":"https:\/\/imagineformargo.org\/wp-content\/uploads\/capture-decran-2016-06-09-a-18-43-46.png","contentUrl":"https:\/\/imagineformargo.org\/wp-content\/uploads\/capture-decran-2016-06-09-a-18-43-46.png"},{"@type":"BreadcrumbList","@id":"https:\/\/imagineformargo.org\/en\/la-chorale-tempo-a-chante-pour-imagine-for-margo-2\/#breadcrumb","itemListElement":[{"@type":"ListItem","position":1,"name":"Accueil","item":"https:\/\/imagineformargo.org\/en\/"},{"@type":"ListItem","position":2,"name":"La chorale Tempo a chant\u00e9 pour Imagine for Margo"}]},{"@type":"WebSite","@id":"https:\/\/imagineformargo.org\/#website","url":"https:\/\/imagineformargo.org\/","name":"Imagine for Margo","description":"Children without Cancer","publisher":{"@id":"https:\/\/imagineformargo.org\/#organization"},"potentialAction":[{"@type":"SearchAction","target":{"@type":"EntryPoint","urlTemplate":"https:\/\/imagineformargo.org\/?s={search_term_string}"},"query-input":{"@type":"PropertyValueSpecification","valueRequired":true,"valueName":"search_term_string"}}],"inLanguage":"en-US"},{"@type":"Organization","@id":"https:\/\/imagineformargo.org\/#organization","name":"Imagine for Margo","url":"https:\/\/imagineformargo.org\/","logo":{"@type":"ImageObject","inLanguage":"en-US","@id":"https:\/\/imagineformargo.org\/#\/schema\/logo\/image\/","url":"https:\/\/imagineformargo.org\/wp-content\/uploads\/logo-imagine-for-margo-long.png","contentUrl":"https:\/\/imagineformargo.org\/wp-content\/uploads\/logo-imagine-for-margo-long.png","width":1911,"height":623,"caption":"Imagine for Margo"},"image":{"@id":"https:\/\/imagineformargo.org\/#\/schema\/logo\/image\/"},"sameAs":["https:\/\/www.facebook.com\/imagine.for.margo\/","https:\/\/x.com\/ImagineforMargo","https:\/\/www.instagram.com\/imagineformargo_officiel\/","https:\/\/www.linkedin.com\/company\/imagine-for-margo\/","https:\/\/www.youtube.com\/@imagineformargo2352","https:\/\/www.tiktok.com\/@imagine_for_margo"]},{"@type":"Person","@id":"https:\/\/imagineformargo.org\/#\/schema\/person\/8efbeaf43525684a641123955b09bf5f","name":"Eva Denjean","image":{"@type":"ImageObject","inLanguage":"en-US","@id":"https:\/\/secure.gravatar.com\/avatar\/52515b91882d3fb7b8453c4b7bf415c6aefc0428cb2307c91dbc1af0060610a7?s=96&d=mm&r=g","url":"https:\/\/secure.gravatar.com\/avatar\/52515b91882d3fb7b8453c4b7bf415c6aefc0428cb2307c91dbc1af0060610a7?s=96&d=mm&r=g","contentUrl":"https:\/\/secure.gravatar.com\/avatar\/52515b91882d3fb7b8453c4b7bf415c6aefc0428cb2307c91dbc1af0060610a7?s=96&d=mm&r=g","caption":"Eva Denjean"},"url":"https:\/\/imagineformargo.org\/en\/author\/eva\/"}]}},"_links":{"self":[{"href":"https:\/\/imagineformargo.org\/en\/wp-json\/wp\/v2\/posts\/15439","targetHints":{"allow":["GET"]}}],"collection":[{"href":"https:\/\/imagineformargo.org\/en\/wp-json\/wp\/v2\/posts"}],"about":[{"href":"https:\/\/imagineformargo.org\/en\/wp-json\/wp\/v2\/types\/post"}],"author":[{"embeddable":true,"href":"https:\/\/imagineformargo.org\/en\/wp-json\/wp\/v2\/users\/12"}],"replies":[{"embeddable":true,"href":"https:\/\/imagineformargo.org\/en\/wp-json\/wp\/v2\/comments?post=15439"}],"version-history":[{"count":0,"href":"https:\/\/imagineformargo.org\/en\/wp-json\/wp\/v2\/posts\/15439\/revisions"}],"wp:attachment":[{"href":"https:\/\/imagineformargo.org\/en\/wp-json\/wp\/v2\/media?parent=15439"}],"wp:term":[{"taxonomy":"category","embeddable":true,"href":"https:\/\/imagineformargo.org\/en\/wp-json\/wp\/v2\/categories?post=15439"},{"taxonomy":"post_tag","embeddable":true,"href":"https:\/\/imagineformargo.org\/en\/wp-json\/wp\/v2\/tags?post=15439"}],"curies":[{"name":"wp","href":"https:\/\/api.w.org\/{rel}","templated":true}]}}