{"id":15924,"date":"2018-06-06T14:23:58","date_gmt":"2018-06-06T13:23:58","guid":{"rendered":"https:\/\/imagineformargo.org\/patricia-blanc-recoit-lordre-national-du-merite\/"},"modified":"2018-09-07T09:36:16","modified_gmt":"2018-09-07T08:36:16","slug":"ordre-national-du-merite","status":"publish","type":"post","link":"https:\/\/imagineformargo.org\/en\/ordre-national-du-merite\/","title":{"rendered":"Patricia Blanc receives the French National Order of Merit"},"content":{"rendered":"<p class=\"p1\"><span class=\"s1\">In June, the French Health Minister, Agn\u00e8s Buzyn, awarded the French National Order of Merit to Patricia Blanc for her services and engagement as president of Imagine for Margo.<\/span><\/p>\n<p class=\"p1\"><span class=\"s1\">During this very moving ceremony, it was the opportunity to reflect on all the progress which has been made over the last few years in the fight against Childrens cancer. It was also the right moment to underline the importance of continuing the mobilization to accelerate the research needed:<\/span><\/p>\n<p class=\"p1\"><span class=\"s1\">\u00ab\u00a0Cancer is still the number one reason for illness related child deaths in France and in Europe, and families who are fighting this on a daily basis do not have the same perception of time. \u00bb <em>Patricia Blanc<\/em><\/span><\/p>\n<p><strong>Let&#8217;s continue the fight : GO, FIGHT, WIN !<\/strong><\/p>\n<div class=\"gallery--row-photos\"><a rel=\"1\" href=\"https:\/\/imagineformargo.org\/wp-content\/uploads\/ordre-du-merite4.png\" btr class=\"item-gallery\"><img decoding=\"async\" src=\"https:\/\/imagineformargo.org\/wp-content\/uploads\/ordre-du-merite4.png\" alt=\"\"\/><\/a><a rel=\"1\" href=\"https:\/\/imagineformargo.org\/wp-content\/uploads\/ordre-du-merite3.png\" btr class=\"item-gallery\"><img decoding=\"async\" src=\"https:\/\/imagineformargo.org\/wp-content\/uploads\/ordre-du-merite3.png\" alt=\"\"\/><\/a><a rel=\"1\" href=\"https:\/\/imagineformargo.org\/wp-content\/uploads\/ordre-du-merite2.png\" btr class=\"item-gallery\"><img decoding=\"async\" src=\"https:\/\/imagineformargo.org\/wp-content\/uploads\/ordre-du-merite2.png\" alt=\"\"\/><\/a><a rel=\"1\" href=\"https:\/\/imagineformargo.org\/wp-content\/uploads\/ordre-du-merite1.png\" btr class=\"item-gallery\"><img decoding=\"async\" src=\"https:\/\/imagineformargo.org\/wp-content\/uploads\/ordre-du-merite1.png\" alt=\"\"\/><\/a><a rel=\"1\" href=\"https:\/\/imagineformargo.org\/wp-content\/uploads\/ordre-du-merite5.png\" btr class=\"item-gallery\"><img decoding=\"async\" src=\"https:\/\/imagineformargo.org\/wp-content\/uploads\/ordre-du-merite5.png\" alt=\"\"\/><\/a><a rel=\"1\" href=\"https:\/\/imagineformargo.org\/wp-content\/uploads\/ordre-du-merite.png\" btr class=\"item-gallery\"><img decoding=\"async\" src=\"https:\/\/imagineformargo.org\/wp-content\/uploads\/ordre-du-merite.png\" alt=\"\"\/><\/a><\/div>\n<p>\u00a9\u00a0<span class=\"s1\"><b>Minist\u00e8res Sociaux\/DICOM\/Zihnioglu Kamil\/SIPA<\/b><\/span><\/p>\n","protected":false},"excerpt":{"rendered":"<p>In June, the French Health Minister, Agn\u00e8s Buzyn, awarded the French National Order of Merit to Patricia Blanc for her services and engagement as president of Imagine for Margo. During this very moving ceremony, it was the opportunity to reflect on all the progress which has been made over the last few years in the [&hellip;]<\/p>\n","protected":false},"author":12,"featured_media":14870,"comment_status":"open","ping_status":"open","sticky":false,"template":"","format":"standard","meta":{"_acf_changed":false,"footnotes":""},"categories":[159],"tags":[180],"class_list":["post-15924","post","type-post","status-publish","format-standard","has-post-thumbnail","hentry","category-all-news","tag-actu_accueil-en"],"acf":[],"yoast_head":"<!-- This site is optimized with the Yoast SEO plugin v27.2 - https:\/\/yoast.com\/product\/yoast-seo-wordpress\/ -->\n<title>Patricia Blanc receives the French National Order of Merit - Imagine for Margo<\/title>\n<meta name=\"description\" content=\"The French Health Minister, Agn\u00e8s Buzyn, awarded the French National Order of Merit to Patricia Blanc for her engagement as president of Imagine for Margo.\" \/>\n<meta name=\"robots\" content=\"index, follow, max-snippet:-1, max-image-preview:large, max-video-preview:-1\" \/>\n<link rel=\"canonical\" href=\"https:\/\/imagineformargo.org\/en\/ordre-national-du-merite\/\" \/>\n<meta property=\"og:locale\" content=\"en_US\" \/>\n<meta property=\"og:type\" content=\"article\" \/>\n<meta property=\"og:title\" content=\"Patricia Blanc receives the French National Order of Merit - Imagine for Margo\" \/>\n<meta property=\"og:description\" content=\"The French Health Minister, Agn\u00e8s Buzyn, awarded the French National Order of Merit to Patricia Blanc for her engagement as president of Imagine for Margo.\" \/>\n<meta property=\"og:url\" content=\"https:\/\/imagineformargo.org\/en\/ordre-national-du-merite\/\" \/>\n<meta property=\"og:site_name\" content=\"Imagine for Margo\" \/>\n<meta property=\"article:publisher\" content=\"https:\/\/www.facebook.com\/imagine.for.margo\/\" \/>\n<meta property=\"article:published_time\" content=\"2018-06-06T13:23:58+00:00\" \/>\n<meta property=\"article:modified_time\" content=\"2018-09-07T08:36:16+00:00\" \/>\n<meta property=\"og:image\" content=\"https:\/\/imagineformargo.org\/wp-content\/uploads\/buzyn_2018_06_04_remise-de-decoration-de-chevalier-de-l-onm-a-madame-patricia-blanc-768x512.jpg\" \/>\n\t<meta property=\"og:image:width\" content=\"768\" \/>\n\t<meta property=\"og:image:height\" content=\"512\" \/>\n\t<meta property=\"og:image:type\" content=\"image\/jpeg\" \/>\n<meta name=\"author\" content=\"Eva Denjean\" \/>\n<meta name=\"twitter:card\" content=\"summary_large_image\" \/>\n<meta name=\"twitter:creator\" content=\"@ImagineforMargo\" \/>\n<meta name=\"twitter:site\" content=\"@ImagineforMargo\" \/>\n<meta name=\"twitter:label1\" content=\"Written by\" \/>\n\t<meta name=\"twitter:data1\" content=\"Eva Denjean\" \/>\n\t<meta name=\"twitter:label2\" content=\"Est. reading time\" \/>\n\t<meta name=\"twitter:data2\" content=\"1 minute\" \/>\n<script type=\"application\/ld+json\" class=\"yoast-schema-graph\">{\"@context\":\"https:\/\/schema.org\",\"@graph\":[{\"@type\":\"Article\",\"@id\":\"https:\/\/imagineformargo.org\/en\/ordre-national-du-merite\/#article\",\"isPartOf\":{\"@id\":\"https:\/\/imagineformargo.org\/en\/ordre-national-du-merite\/\"},\"author\":{\"name\":\"Eva Denjean\",\"@id\":\"https:\/\/imagineformargo.org\/#\/schema\/person\/8efbeaf43525684a641123955b09bf5f\"},\"headline\":\"Patricia Blanc receives the French National Order of Merit\",\"datePublished\":\"2018-06-06T13:23:58+00:00\",\"dateModified\":\"2018-09-07T08:36:16+00:00\",\"mainEntityOfPage\":{\"@id\":\"https:\/\/imagineformargo.org\/en\/ordre-national-du-merite\/\"},\"wordCount\":146,\"commentCount\":0,\"publisher\":{\"@id\":\"https:\/\/imagineformargo.org\/#organization\"},\"image\":{\"@id\":\"https:\/\/imagineformargo.org\/en\/ordre-national-du-merite\/#primaryimage\"},\"thumbnailUrl\":\"https:\/\/imagineformargo.org\/wp-content\/uploads\/buzyn_2018_06_04_remise-de-decoration-de-chevalier-de-l-onm-a-madame-patricia-blanc-e1533301753860.jpg\",\"keywords\":[\"actu_accueil\"],\"articleSection\":[\"News\"],\"inLanguage\":\"en-US\",\"potentialAction\":[{\"@type\":\"CommentAction\",\"name\":\"Comment\",\"target\":[\"https:\/\/imagineformargo.org\/en\/ordre-national-du-merite\/#respond\"]}]},{\"@type\":\"WebPage\",\"@id\":\"https:\/\/imagineformargo.org\/en\/ordre-national-du-merite\/\",\"url\":\"https:\/\/imagineformargo.org\/en\/ordre-national-du-merite\/\",\"name\":\"Patricia Blanc receives the French National Order of Merit - Imagine for Margo\",\"isPartOf\":{\"@id\":\"https:\/\/imagineformargo.org\/#website\"},\"primaryImageOfPage\":{\"@id\":\"https:\/\/imagineformargo.org\/en\/ordre-national-du-merite\/#primaryimage\"},\"image\":{\"@id\":\"https:\/\/imagineformargo.org\/en\/ordre-national-du-merite\/#primaryimage\"},\"thumbnailUrl\":\"https:\/\/imagineformargo.org\/wp-content\/uploads\/buzyn_2018_06_04_remise-de-decoration-de-chevalier-de-l-onm-a-madame-patricia-blanc-e1533301753860.jpg\",\"datePublished\":\"2018-06-06T13:23:58+00:00\",\"dateModified\":\"2018-09-07T08:36:16+00:00\",\"description\":\"The French Health Minister, Agn\u00e8s Buzyn, awarded the French National Order of Merit to Patricia Blanc for her engagement as president of Imagine for Margo.\",\"breadcrumb\":{\"@id\":\"https:\/\/imagineformargo.org\/en\/ordre-national-du-merite\/#breadcrumb\"},\"inLanguage\":\"en-US\",\"potentialAction\":[{\"@type\":\"ReadAction\",\"target\":[\"https:\/\/imagineformargo.org\/en\/ordre-national-du-merite\/\"]}]},{\"@type\":\"ImageObject\",\"inLanguage\":\"en-US\",\"@id\":\"https:\/\/imagineformargo.org\/en\/ordre-national-du-merite\/#primaryimage\",\"url\":\"https:\/\/imagineformargo.org\/wp-content\/uploads\/buzyn_2018_06_04_remise-de-decoration-de-chevalier-de-l-onm-a-madame-patricia-blanc-e1533301753860.jpg\",\"contentUrl\":\"https:\/\/imagineformargo.org\/wp-content\/uploads\/buzyn_2018_06_04_remise-de-decoration-de-chevalier-de-l-onm-a-madame-patricia-blanc-e1533301753860.jpg\",\"width\":5000,\"height\":3033,\"caption\":\"Agn\u00e8s Buzyn remet l'Ordre National du m\u00e9rite \u00e0 Patricia Blanc, pr\u00e9sidente d'Imagine for Margo\"},{\"@type\":\"BreadcrumbList\",\"@id\":\"https:\/\/imagineformargo.org\/en\/ordre-national-du-merite\/#breadcrumb\",\"itemListElement\":[{\"@type\":\"ListItem\",\"position\":1,\"name\":\"Accueil\",\"item\":\"https:\/\/imagineformargo.org\/en\/\"},{\"@type\":\"ListItem\",\"position\":2,\"name\":\"Patricia Blanc receives the French National Order of Merit\"}]},{\"@type\":\"WebSite\",\"@id\":\"https:\/\/imagineformargo.org\/#website\",\"url\":\"https:\/\/imagineformargo.org\/\",\"name\":\"Imagine for Margo\",\"description\":\"Children without Cancer\",\"publisher\":{\"@id\":\"https:\/\/imagineformargo.org\/#organization\"},\"potentialAction\":[{\"@type\":\"SearchAction\",\"target\":{\"@type\":\"EntryPoint\",\"urlTemplate\":\"https:\/\/imagineformargo.org\/?s={search_term_string}\"},\"query-input\":{\"@type\":\"PropertyValueSpecification\",\"valueRequired\":true,\"valueName\":\"search_term_string\"}}],\"inLanguage\":\"en-US\"},{\"@type\":\"Organization\",\"@id\":\"https:\/\/imagineformargo.org\/#organization\",\"name\":\"Imagine for Margo\",\"url\":\"https:\/\/imagineformargo.org\/\",\"logo\":{\"@type\":\"ImageObject\",\"inLanguage\":\"en-US\",\"@id\":\"https:\/\/imagineformargo.org\/#\/schema\/logo\/image\/\",\"url\":\"https:\/\/imagineformargo.org\/wp-content\/uploads\/logo-imagine-for-margo-long.png\",\"contentUrl\":\"https:\/\/imagineformargo.org\/wp-content\/uploads\/logo-imagine-for-margo-long.png\",\"width\":1911,\"height\":623,\"caption\":\"Imagine for Margo\"},\"image\":{\"@id\":\"https:\/\/imagineformargo.org\/#\/schema\/logo\/image\/\"},\"sameAs\":[\"https:\/\/www.facebook.com\/imagine.for.margo\/\",\"https:\/\/x.com\/ImagineforMargo\",\"https:\/\/www.instagram.com\/imagineformargo_officiel\/\",\"https:\/\/www.linkedin.com\/company\/imagine-for-margo\/\",\"https:\/\/www.youtube.com\/@imagineformargo2352\",\"https:\/\/www.tiktok.com\/@imagine_for_margo\"]},{\"@type\":\"Person\",\"@id\":\"https:\/\/imagineformargo.org\/#\/schema\/person\/8efbeaf43525684a641123955b09bf5f\",\"name\":\"Eva Denjean\",\"image\":{\"@type\":\"ImageObject\",\"inLanguage\":\"en-US\",\"@id\":\"https:\/\/secure.gravatar.com\/avatar\/52515b91882d3fb7b8453c4b7bf415c6aefc0428cb2307c91dbc1af0060610a7?s=96&d=mm&r=g\",\"url\":\"https:\/\/secure.gravatar.com\/avatar\/52515b91882d3fb7b8453c4b7bf415c6aefc0428cb2307c91dbc1af0060610a7?s=96&d=mm&r=g\",\"contentUrl\":\"https:\/\/secure.gravatar.com\/avatar\/52515b91882d3fb7b8453c4b7bf415c6aefc0428cb2307c91dbc1af0060610a7?s=96&d=mm&r=g\",\"caption\":\"Eva Denjean\"},\"url\":\"https:\/\/imagineformargo.org\/en\/author\/eva\/\"}]}<\/script>\n<!-- \/ Yoast SEO plugin. -->","yoast_head_json":{"title":"Patricia Blanc receives the French National Order of Merit - Imagine for Margo","description":"The French Health Minister, Agn\u00e8s Buzyn, awarded the French National Order of Merit to Patricia Blanc for her engagement as president of Imagine for Margo.","robots":{"index":"index","follow":"follow","max-snippet":"max-snippet:-1","max-image-preview":"max-image-preview:large","max-video-preview":"max-video-preview:-1"},"canonical":"https:\/\/imagineformargo.org\/en\/ordre-national-du-merite\/","og_locale":"en_US","og_type":"article","og_title":"Patricia Blanc receives the French National Order of Merit - Imagine for Margo","og_description":"The French Health Minister, Agn\u00e8s Buzyn, awarded the French National Order of Merit to Patricia Blanc for her engagement as president of Imagine for Margo.","og_url":"https:\/\/imagineformargo.org\/en\/ordre-national-du-merite\/","og_site_name":"Imagine for Margo","article_publisher":"https:\/\/www.facebook.com\/imagine.for.margo\/","article_published_time":"2018-06-06T13:23:58+00:00","article_modified_time":"2018-09-07T08:36:16+00:00","og_image":[{"width":768,"height":512,"url":"https:\/\/imagineformargo.org\/wp-content\/uploads\/buzyn_2018_06_04_remise-de-decoration-de-chevalier-de-l-onm-a-madame-patricia-blanc-768x512.jpg","type":"image\/jpeg"}],"author":"Eva Denjean","twitter_card":"summary_large_image","twitter_creator":"@ImagineforMargo","twitter_site":"@ImagineforMargo","twitter_misc":{"Written by":"Eva Denjean","Est. reading time":"1 minute"},"schema":{"@context":"https:\/\/schema.org","@graph":[{"@type":"Article","@id":"https:\/\/imagineformargo.org\/en\/ordre-national-du-merite\/#article","isPartOf":{"@id":"https:\/\/imagineformargo.org\/en\/ordre-national-du-merite\/"},"author":{"name":"Eva Denjean","@id":"https:\/\/imagineformargo.org\/#\/schema\/person\/8efbeaf43525684a641123955b09bf5f"},"headline":"Patricia Blanc receives the French National Order of Merit","datePublished":"2018-06-06T13:23:58+00:00","dateModified":"2018-09-07T08:36:16+00:00","mainEntityOfPage":{"@id":"https:\/\/imagineformargo.org\/en\/ordre-national-du-merite\/"},"wordCount":146,"commentCount":0,"publisher":{"@id":"https:\/\/imagineformargo.org\/#organization"},"image":{"@id":"https:\/\/imagineformargo.org\/en\/ordre-national-du-merite\/#primaryimage"},"thumbnailUrl":"https:\/\/imagineformargo.org\/wp-content\/uploads\/buzyn_2018_06_04_remise-de-decoration-de-chevalier-de-l-onm-a-madame-patricia-blanc-e1533301753860.jpg","keywords":["actu_accueil"],"articleSection":["News"],"inLanguage":"en-US","potentialAction":[{"@type":"CommentAction","name":"Comment","target":["https:\/\/imagineformargo.org\/en\/ordre-national-du-merite\/#respond"]}]},{"@type":"WebPage","@id":"https:\/\/imagineformargo.org\/en\/ordre-national-du-merite\/","url":"https:\/\/imagineformargo.org\/en\/ordre-national-du-merite\/","name":"Patricia Blanc receives the French National Order of Merit - Imagine for Margo","isPartOf":{"@id":"https:\/\/imagineformargo.org\/#website"},"primaryImageOfPage":{"@id":"https:\/\/imagineformargo.org\/en\/ordre-national-du-merite\/#primaryimage"},"image":{"@id":"https:\/\/imagineformargo.org\/en\/ordre-national-du-merite\/#primaryimage"},"thumbnailUrl":"https:\/\/imagineformargo.org\/wp-content\/uploads\/buzyn_2018_06_04_remise-de-decoration-de-chevalier-de-l-onm-a-madame-patricia-blanc-e1533301753860.jpg","datePublished":"2018-06-06T13:23:58+00:00","dateModified":"2018-09-07T08:36:16+00:00","description":"The French Health Minister, Agn\u00e8s Buzyn, awarded the French National Order of Merit to Patricia Blanc for her engagement as president of Imagine for Margo.","breadcrumb":{"@id":"https:\/\/imagineformargo.org\/en\/ordre-national-du-merite\/#breadcrumb"},"inLanguage":"en-US","potentialAction":[{"@type":"ReadAction","target":["https:\/\/imagineformargo.org\/en\/ordre-national-du-merite\/"]}]},{"@type":"ImageObject","inLanguage":"en-US","@id":"https:\/\/imagineformargo.org\/en\/ordre-national-du-merite\/#primaryimage","url":"https:\/\/imagineformargo.org\/wp-content\/uploads\/buzyn_2018_06_04_remise-de-decoration-de-chevalier-de-l-onm-a-madame-patricia-blanc-e1533301753860.jpg","contentUrl":"https:\/\/imagineformargo.org\/wp-content\/uploads\/buzyn_2018_06_04_remise-de-decoration-de-chevalier-de-l-onm-a-madame-patricia-blanc-e1533301753860.jpg","width":5000,"height":3033,"caption":"Agn\u00e8s Buzyn remet l'Ordre National du m\u00e9rite \u00e0 Patricia Blanc, pr\u00e9sidente d'Imagine for Margo"},{"@type":"BreadcrumbList","@id":"https:\/\/imagineformargo.org\/en\/ordre-national-du-merite\/#breadcrumb","itemListElement":[{"@type":"ListItem","position":1,"name":"Accueil","item":"https:\/\/imagineformargo.org\/en\/"},{"@type":"ListItem","position":2,"name":"Patricia Blanc receives the French National Order of Merit"}]},{"@type":"WebSite","@id":"https:\/\/imagineformargo.org\/#website","url":"https:\/\/imagineformargo.org\/","name":"Imagine for Margo","description":"Children without Cancer","publisher":{"@id":"https:\/\/imagineformargo.org\/#organization"},"potentialAction":[{"@type":"SearchAction","target":{"@type":"EntryPoint","urlTemplate":"https:\/\/imagineformargo.org\/?s={search_term_string}"},"query-input":{"@type":"PropertyValueSpecification","valueRequired":true,"valueName":"search_term_string"}}],"inLanguage":"en-US"},{"@type":"Organization","@id":"https:\/\/imagineformargo.org\/#organization","name":"Imagine for Margo","url":"https:\/\/imagineformargo.org\/","logo":{"@type":"ImageObject","inLanguage":"en-US","@id":"https:\/\/imagineformargo.org\/#\/schema\/logo\/image\/","url":"https:\/\/imagineformargo.org\/wp-content\/uploads\/logo-imagine-for-margo-long.png","contentUrl":"https:\/\/imagineformargo.org\/wp-content\/uploads\/logo-imagine-for-margo-long.png","width":1911,"height":623,"caption":"Imagine for Margo"},"image":{"@id":"https:\/\/imagineformargo.org\/#\/schema\/logo\/image\/"},"sameAs":["https:\/\/www.facebook.com\/imagine.for.margo\/","https:\/\/x.com\/ImagineforMargo","https:\/\/www.instagram.com\/imagineformargo_officiel\/","https:\/\/www.linkedin.com\/company\/imagine-for-margo\/","https:\/\/www.youtube.com\/@imagineformargo2352","https:\/\/www.tiktok.com\/@imagine_for_margo"]},{"@type":"Person","@id":"https:\/\/imagineformargo.org\/#\/schema\/person\/8efbeaf43525684a641123955b09bf5f","name":"Eva Denjean","image":{"@type":"ImageObject","inLanguage":"en-US","@id":"https:\/\/secure.gravatar.com\/avatar\/52515b91882d3fb7b8453c4b7bf415c6aefc0428cb2307c91dbc1af0060610a7?s=96&d=mm&r=g","url":"https:\/\/secure.gravatar.com\/avatar\/52515b91882d3fb7b8453c4b7bf415c6aefc0428cb2307c91dbc1af0060610a7?s=96&d=mm&r=g","contentUrl":"https:\/\/secure.gravatar.com\/avatar\/52515b91882d3fb7b8453c4b7bf415c6aefc0428cb2307c91dbc1af0060610a7?s=96&d=mm&r=g","caption":"Eva Denjean"},"url":"https:\/\/imagineformargo.org\/en\/author\/eva\/"}]}},"_links":{"self":[{"href":"https:\/\/imagineformargo.org\/en\/wp-json\/wp\/v2\/posts\/15924","targetHints":{"allow":["GET"]}}],"collection":[{"href":"https:\/\/imagineformargo.org\/en\/wp-json\/wp\/v2\/posts"}],"about":[{"href":"https:\/\/imagineformargo.org\/en\/wp-json\/wp\/v2\/types\/post"}],"author":[{"embeddable":true,"href":"https:\/\/imagineformargo.org\/en\/wp-json\/wp\/v2\/users\/12"}],"replies":[{"embeddable":true,"href":"https:\/\/imagineformargo.org\/en\/wp-json\/wp\/v2\/comments?post=15924"}],"version-history":[{"count":3,"href":"https:\/\/imagineformargo.org\/en\/wp-json\/wp\/v2\/posts\/15924\/revisions"}],"predecessor-version":[{"id":16844,"href":"https:\/\/imagineformargo.org\/en\/wp-json\/wp\/v2\/posts\/15924\/revisions\/16844"}],"wp:featuredmedia":[{"embeddable":true,"href":"https:\/\/imagineformargo.org\/en\/wp-json\/wp\/v2\/media\/14870"}],"wp:attachment":[{"href":"https:\/\/imagineformargo.org\/en\/wp-json\/wp\/v2\/media?parent=15924"}],"wp:term":[{"taxonomy":"category","embeddable":true,"href":"https:\/\/imagineformargo.org\/en\/wp-json\/wp\/v2\/categories?post=15924"},{"taxonomy":"post_tag","embeddable":true,"href":"https:\/\/imagineformargo.org\/en\/wp-json\/wp\/v2\/tags?post=15924"}],"curies":[{"name":"wp","href":"https:\/\/api.w.org\/{rel}","templated":true}]}}