{"id":23368,"date":"2020-10-02T13:34:18","date_gmt":"2020-10-02T11:34:18","guid":{"rendered":"https:\/\/imagineformargo.org\/?p=23368"},"modified":"2020-10-02T13:35:17","modified_gmt":"2020-10-02T11:35:17","slug":"splendid-9th-edition-of-the-children-without-cancer-connected-race","status":"publish","type":"post","link":"https:\/\/imagineformargo.org\/en\/splendid-9th-edition-of-the-children-without-cancer-connected-race\/","title":{"rendered":"Splendid 9th edition of the Children without Cancer connected race"},"content":{"rendered":"<p>Sunday 27 September 2020, \u00a03,000 big-hearted runners took part in the 9<sup>th<\/sup>edition of the <em>Children without Cancer\u00a0<\/em>race, which, for the first time, was connected due to the health context.<\/p>\n<p>From 9:30 am to 11:30 am, participants connected to the LIVE of the event and, for 45 minutes, walked or run near their homes, or attended LIVE sports classes. Throughout the event, <strong>interactivity was at the rendezvous between the connected athletes and the Imagine for Margo team<\/strong>, present at the Parc de Saint-Cloud with several personalities for the shooting: <strong>Vianney, Erza Muqoli, Inoxtag , Erika Moulet, Sarah Ourahmoune and Christophe Dominici<\/strong>.<\/p>\n<p><strong>Thanks to the exceptional mobilization of 3,000 participants and the generosity of nearly 15,000 donors<\/strong>, we were able to hand over\u00a0<strong>a check for \u20ac 1,325,000 to the winning researchers of <em>Fight Kids Cancer<\/em><\/strong>, in order to finance six cutting-edge European programs on several pediatric cancers for which there are no effective treatments. A splendid success!<\/p>\n<p><span style=\"color: #e64587;\"><strong>GOOD JOB and THANKS to all !<\/strong><\/span><\/p>\n<div class=\"gallery--row-photos\"><a rel=\"1\" href=\"https:\/\/imagineformargo.org\/wp-content\/uploads\/capture-d\u2019ecran-2020-09-28-a-16.16.01.png\" btr class=\"item-gallery\"><img decoding=\"async\" src=\"https:\/\/imagineformargo.org\/wp-content\/uploads\/capture-d\u2019ecran-2020-09-28-a-16.16.01-360x360.png\" alt=\"\"\/><\/a><a rel=\"1\" href=\"https:\/\/imagineformargo.org\/wp-content\/uploads\/capture-d\u2019ecran-2020-09-28-a-16.19.31.png\" btr class=\"item-gallery\"><img decoding=\"async\" src=\"https:\/\/imagineformargo.org\/wp-content\/uploads\/capture-d\u2019ecran-2020-09-28-a-16.19.31-360x360.png\" alt=\"\"\/><\/a><a rel=\"1\" href=\"https:\/\/imagineformargo.org\/wp-content\/uploads\/capture-d\u2019ecran-2020-09-28-a-19.23.36.png\" btr class=\"item-gallery\"><img decoding=\"async\" src=\"https:\/\/imagineformargo.org\/wp-content\/uploads\/capture-d\u2019ecran-2020-09-28-a-19.23.36-360x360.png\" alt=\"\"\/><\/a><a rel=\"1\" href=\"https:\/\/imagineformargo.org\/wp-content\/uploads\/capture-d\u2019ecran-2020-09-28-a-18.01.20.png\" btr class=\"item-gallery\"><img decoding=\"async\" src=\"https:\/\/imagineformargo.org\/wp-content\/uploads\/capture-d\u2019ecran-2020-09-28-a-18.01.20-360x360.png\" alt=\"\"\/><\/a><a rel=\"1\" href=\"https:\/\/imagineformargo.org\/wp-content\/uploads\/capture-d\u2019ecran-2020-09-28-a-19.09.21.png\" btr class=\"item-gallery\"><img decoding=\"async\" src=\"https:\/\/imagineformargo.org\/wp-content\/uploads\/capture-d\u2019ecran-2020-09-28-a-19.09.21-360x360.png\" alt=\"\"\/><\/a><a rel=\"1\" href=\"https:\/\/imagineformargo.org\/wp-content\/uploads\/capture-d\u2019ecran-2020-09-28-a-18.24.21.png\" btr class=\"item-gallery\"><img decoding=\"async\" src=\"https:\/\/imagineformargo.org\/wp-content\/uploads\/capture-d\u2019ecran-2020-09-28-a-18.24.21-360x360.png\" alt=\"\"\/><\/a><a rel=\"1\" href=\"https:\/\/imagineformargo.org\/wp-content\/uploads\/capture-d\u2019ecran-2020-09-29-a-17.28.21.png\" btr class=\"item-gallery\"><img decoding=\"async\" src=\"https:\/\/imagineformargo.org\/wp-content\/uploads\/capture-d\u2019ecran-2020-09-29-a-17.28.21-360x360.png\" alt=\"\"\/><\/a><a rel=\"1\" href=\"https:\/\/imagineformargo.org\/wp-content\/uploads\/capture-d\u2019ecran-2020-09-30-a-18.22.42.png\" btr class=\"item-gallery\"><img decoding=\"async\" src=\"https:\/\/imagineformargo.org\/wp-content\/uploads\/capture-d\u2019ecran-2020-09-30-a-18.22.42-360x360.png\" alt=\"\"\/><\/a><\/div>\n<div class=\"media--video-embed\"><div class=\"media--video-embed\"><iframe loading=\"lazy\" title=\"Course Enfants sans Cancer 2020 , le replay du LIVE\" width=\"500\" height=\"281\" src=\"https:\/\/www.youtube.com\/embed\/4hhuuyFAub0?feature=oembed\" frameborder=\"0\" allow=\"accelerometer; autoplay; clipboard-write; encrypted-media; gyroscope; picture-in-picture; web-share\" referrerpolicy=\"strict-origin-when-cross-origin\" allowfullscreen><\/iframe><\/div><\/div>\n<p>&nbsp;<\/p>\n<p>THANK YOU in particular to all our corporate partners, thanks to whom we can allocate 100% of the donations collected to research: <strong>Cr\u00e9dit du Nord, the Orp\u00e9a Foundation, Naturopera, Alphonse, Soci\u00e9t\u00e9 G\u00e9n\u00e9rale Assurance, Soci\u00e9t\u00e9 G\u00e9n\u00e9rale Factoring, Talents &amp; Partage, Eurocom, RunGreen, La Famille and Carrefour Chambourcy<\/strong>.<\/p>\n<div class=\"media--video-embed\"><div class=\"media--video-embed\"><iframe loading=\"lazy\" title=\"Partenaires de la course Enfants sans Cancer 2020\" width=\"500\" height=\"281\" src=\"https:\/\/www.youtube.com\/embed\/18U6M0MatH4?feature=oembed\" frameborder=\"0\" allow=\"accelerometer; autoplay; clipboard-write; encrypted-media; gyroscope; picture-in-picture; web-share\" referrerpolicy=\"strict-origin-when-cross-origin\" allowfullscreen><\/iframe><\/div><\/div>\n<p>&nbsp;<\/p>\n<p>&nbsp;<\/p>\n","protected":false},"excerpt":{"rendered":"<p>Sunday 27 September 2020, \u00a03,000 big-hearted runners took part in the 9thedition of the Children without Cancer\u00a0race, which, for the first time, was connected due to the health context. From 9:30 am to 11:30 am, participants connected to the LIVE of the event and, for 45 minutes, walked or run near their homes, or attended [&hellip;]<\/p>\n","protected":false},"author":14,"featured_media":23364,"comment_status":"open","ping_status":"open","sticky":false,"template":"","format":"standard","meta":{"_acf_changed":false,"footnotes":""},"categories":[224],"tags":[],"class_list":["post-23368","post","type-post","status-publish","format-standard","has-post-thumbnail","hentry","category-news-i4m"],"acf":[],"yoast_head":"<!-- This site is optimized with the Yoast SEO plugin v27.2 - https:\/\/yoast.com\/product\/yoast-seo-wordpress\/ -->\n<title>Splendid 9th edition of the Children without Cancer connected race - Imagine for Margo<\/title>\n<meta name=\"robots\" content=\"index, follow, max-snippet:-1, max-image-preview:large, max-video-preview:-1\" \/>\n<link rel=\"canonical\" href=\"https:\/\/imagineformargo.org\/en\/splendid-9th-edition-of-the-children-without-cancer-connected-race\/\" \/>\n<meta property=\"og:locale\" content=\"en_US\" \/>\n<meta property=\"og:type\" content=\"article\" \/>\n<meta property=\"og:title\" content=\"Splendid 9th edition of the Children without Cancer connected race - Imagine for Margo\" \/>\n<meta property=\"og:description\" content=\"Sunday 27 September 2020, \u00a03,000 big-hearted runners took part in the 9thedition of the Children without Cancer\u00a0race, which, for the first time, was connected due to the health context. From 9:30 am to 11:30 am, participants connected to the LIVE of the event and, for 45 minutes, walked or run near their homes, or attended [&hellip;]\" \/>\n<meta property=\"og:url\" content=\"https:\/\/imagineformargo.org\/en\/splendid-9th-edition-of-the-children-without-cancer-connected-race\/\" \/>\n<meta property=\"og:site_name\" content=\"Imagine for Margo\" \/>\n<meta property=\"article:publisher\" content=\"https:\/\/www.facebook.com\/imagine.for.margo\/\" \/>\n<meta property=\"article:published_time\" content=\"2020-10-02T11:34:18+00:00\" \/>\n<meta property=\"article:modified_time\" content=\"2020-10-02T11:35:17+00:00\" \/>\n<meta property=\"og:image\" content=\"https:\/\/imagineformargo.org\/wp-content\/uploads\/capture-d\u2019ecran-2020-09-30-a-18.22.42-1440x985.png\" \/>\n\t<meta property=\"og:image:width\" content=\"1440\" \/>\n\t<meta property=\"og:image:height\" content=\"985\" \/>\n\t<meta property=\"og:image:type\" content=\"image\/png\" \/>\n<meta name=\"author\" content=\"delphine\" \/>\n<meta name=\"twitter:card\" content=\"summary_large_image\" \/>\n<meta name=\"twitter:creator\" content=\"@ImagineforMargo\" \/>\n<meta name=\"twitter:site\" content=\"@ImagineforMargo\" \/>\n<meta name=\"twitter:label1\" content=\"Written by\" \/>\n\t<meta name=\"twitter:data1\" content=\"delphine\" \/>\n\t<meta name=\"twitter:label2\" content=\"Est. reading time\" \/>\n\t<meta name=\"twitter:data2\" content=\"1 minute\" \/>\n<script type=\"application\/ld+json\" class=\"yoast-schema-graph\">{\"@context\":\"https:\/\/schema.org\",\"@graph\":[{\"@type\":\"Article\",\"@id\":\"https:\/\/imagineformargo.org\/en\/splendid-9th-edition-of-the-children-without-cancer-connected-race\/#article\",\"isPartOf\":{\"@id\":\"https:\/\/imagineformargo.org\/en\/splendid-9th-edition-of-the-children-without-cancer-connected-race\/\"},\"author\":{\"name\":\"delphine\",\"@id\":\"https:\/\/imagineformargo.org\/#\/schema\/person\/ee85293fb6308c35a7dec280eb24a901\"},\"headline\":\"Splendid 9th edition of the Children without Cancer connected race\",\"datePublished\":\"2020-10-02T11:34:18+00:00\",\"dateModified\":\"2020-10-02T11:35:17+00:00\",\"mainEntityOfPage\":{\"@id\":\"https:\/\/imagineformargo.org\/en\/splendid-9th-edition-of-the-children-without-cancer-connected-race\/\"},\"wordCount\":233,\"commentCount\":0,\"publisher\":{\"@id\":\"https:\/\/imagineformargo.org\/#organization\"},\"image\":{\"@id\":\"https:\/\/imagineformargo.org\/en\/splendid-9th-edition-of-the-children-without-cancer-connected-race\/#primaryimage\"},\"thumbnailUrl\":\"https:\/\/imagineformargo.org\/wp-content\/uploads\/capture-d\u2019ecran-2020-09-30-a-18.22.42.png\",\"articleSection\":[\"News (I4M)\"],\"inLanguage\":\"en-US\",\"potentialAction\":[{\"@type\":\"CommentAction\",\"name\":\"Comment\",\"target\":[\"https:\/\/imagineformargo.org\/en\/splendid-9th-edition-of-the-children-without-cancer-connected-race\/#respond\"]}]},{\"@type\":\"WebPage\",\"@id\":\"https:\/\/imagineformargo.org\/en\/splendid-9th-edition-of-the-children-without-cancer-connected-race\/\",\"url\":\"https:\/\/imagineformargo.org\/en\/splendid-9th-edition-of-the-children-without-cancer-connected-race\/\",\"name\":\"Splendid 9th edition of the Children without Cancer connected race - Imagine for Margo\",\"isPartOf\":{\"@id\":\"https:\/\/imagineformargo.org\/#website\"},\"primaryImageOfPage\":{\"@id\":\"https:\/\/imagineformargo.org\/en\/splendid-9th-edition-of-the-children-without-cancer-connected-race\/#primaryimage\"},\"image\":{\"@id\":\"https:\/\/imagineformargo.org\/en\/splendid-9th-edition-of-the-children-without-cancer-connected-race\/#primaryimage\"},\"thumbnailUrl\":\"https:\/\/imagineformargo.org\/wp-content\/uploads\/capture-d\u2019ecran-2020-09-30-a-18.22.42.png\",\"datePublished\":\"2020-10-02T11:34:18+00:00\",\"dateModified\":\"2020-10-02T11:35:17+00:00\",\"breadcrumb\":{\"@id\":\"https:\/\/imagineformargo.org\/en\/splendid-9th-edition-of-the-children-without-cancer-connected-race\/#breadcrumb\"},\"inLanguage\":\"en-US\",\"potentialAction\":[{\"@type\":\"ReadAction\",\"target\":[\"https:\/\/imagineformargo.org\/en\/splendid-9th-edition-of-the-children-without-cancer-connected-race\/\"]}]},{\"@type\":\"ImageObject\",\"inLanguage\":\"en-US\",\"@id\":\"https:\/\/imagineformargo.org\/en\/splendid-9th-edition-of-the-children-without-cancer-connected-race\/#primaryimage\",\"url\":\"https:\/\/imagineformargo.org\/wp-content\/uploads\/capture-d\u2019ecran-2020-09-30-a-18.22.42.png\",\"contentUrl\":\"https:\/\/imagineformargo.org\/wp-content\/uploads\/capture-d\u2019ecran-2020-09-30-a-18.22.42.png\",\"width\":1582,\"height\":1082},{\"@type\":\"BreadcrumbList\",\"@id\":\"https:\/\/imagineformargo.org\/en\/splendid-9th-edition-of-the-children-without-cancer-connected-race\/#breadcrumb\",\"itemListElement\":[{\"@type\":\"ListItem\",\"position\":1,\"name\":\"Accueil\",\"item\":\"https:\/\/imagineformargo.org\/en\/\"},{\"@type\":\"ListItem\",\"position\":2,\"name\":\"Splendid 9th edition of the Children without Cancer connected race\"}]},{\"@type\":\"WebSite\",\"@id\":\"https:\/\/imagineformargo.org\/#website\",\"url\":\"https:\/\/imagineformargo.org\/\",\"name\":\"Imagine for Margo\",\"description\":\"Children without Cancer\",\"publisher\":{\"@id\":\"https:\/\/imagineformargo.org\/#organization\"},\"potentialAction\":[{\"@type\":\"SearchAction\",\"target\":{\"@type\":\"EntryPoint\",\"urlTemplate\":\"https:\/\/imagineformargo.org\/?s={search_term_string}\"},\"query-input\":{\"@type\":\"PropertyValueSpecification\",\"valueRequired\":true,\"valueName\":\"search_term_string\"}}],\"inLanguage\":\"en-US\"},{\"@type\":\"Organization\",\"@id\":\"https:\/\/imagineformargo.org\/#organization\",\"name\":\"Imagine for Margo\",\"url\":\"https:\/\/imagineformargo.org\/\",\"logo\":{\"@type\":\"ImageObject\",\"inLanguage\":\"en-US\",\"@id\":\"https:\/\/imagineformargo.org\/#\/schema\/logo\/image\/\",\"url\":\"https:\/\/imagineformargo.org\/wp-content\/uploads\/logo-imagine-for-margo-long.png\",\"contentUrl\":\"https:\/\/imagineformargo.org\/wp-content\/uploads\/logo-imagine-for-margo-long.png\",\"width\":1911,\"height\":623,\"caption\":\"Imagine for Margo\"},\"image\":{\"@id\":\"https:\/\/imagineformargo.org\/#\/schema\/logo\/image\/\"},\"sameAs\":[\"https:\/\/www.facebook.com\/imagine.for.margo\/\",\"https:\/\/x.com\/ImagineforMargo\",\"https:\/\/www.instagram.com\/imagineformargo_officiel\/\",\"https:\/\/www.linkedin.com\/company\/imagine-for-margo\/\",\"https:\/\/www.youtube.com\/@imagineformargo2352\",\"https:\/\/www.tiktok.com\/@imagine_for_margo\"]},{\"@type\":\"Person\",\"@id\":\"https:\/\/imagineformargo.org\/#\/schema\/person\/ee85293fb6308c35a7dec280eb24a901\",\"name\":\"delphine\",\"image\":{\"@type\":\"ImageObject\",\"inLanguage\":\"en-US\",\"@id\":\"https:\/\/secure.gravatar.com\/avatar\/cfef7c2708ce5c212b75f2514b3b2bf8a8979f7312d491625e481db8e0eba79d?s=96&d=mm&r=g\",\"url\":\"https:\/\/secure.gravatar.com\/avatar\/cfef7c2708ce5c212b75f2514b3b2bf8a8979f7312d491625e481db8e0eba79d?s=96&d=mm&r=g\",\"contentUrl\":\"https:\/\/secure.gravatar.com\/avatar\/cfef7c2708ce5c212b75f2514b3b2bf8a8979f7312d491625e481db8e0eba79d?s=96&d=mm&r=g\",\"caption\":\"delphine\"},\"url\":\"https:\/\/imagineformargo.org\/en\/author\/delphine\/\"}]}<\/script>\n<!-- \/ Yoast SEO plugin. -->","yoast_head_json":{"title":"Splendid 9th edition of the Children without Cancer connected race - Imagine for Margo","robots":{"index":"index","follow":"follow","max-snippet":"max-snippet:-1","max-image-preview":"max-image-preview:large","max-video-preview":"max-video-preview:-1"},"canonical":"https:\/\/imagineformargo.org\/en\/splendid-9th-edition-of-the-children-without-cancer-connected-race\/","og_locale":"en_US","og_type":"article","og_title":"Splendid 9th edition of the Children without Cancer connected race - Imagine for Margo","og_description":"Sunday 27 September 2020, \u00a03,000 big-hearted runners took part in the 9thedition of the Children without Cancer\u00a0race, which, for the first time, was connected due to the health context. From 9:30 am to 11:30 am, participants connected to the LIVE of the event and, for 45 minutes, walked or run near their homes, or attended [&hellip;]","og_url":"https:\/\/imagineformargo.org\/en\/splendid-9th-edition-of-the-children-without-cancer-connected-race\/","og_site_name":"Imagine for Margo","article_publisher":"https:\/\/www.facebook.com\/imagine.for.margo\/","article_published_time":"2020-10-02T11:34:18+00:00","article_modified_time":"2020-10-02T11:35:17+00:00","og_image":[{"width":1440,"height":985,"url":"https:\/\/imagineformargo.org\/wp-content\/uploads\/capture-d\u2019ecran-2020-09-30-a-18.22.42-1440x985.png","type":"image\/png"}],"author":"delphine","twitter_card":"summary_large_image","twitter_creator":"@ImagineforMargo","twitter_site":"@ImagineforMargo","twitter_misc":{"Written by":"delphine","Est. reading time":"1 minute"},"schema":{"@context":"https:\/\/schema.org","@graph":[{"@type":"Article","@id":"https:\/\/imagineformargo.org\/en\/splendid-9th-edition-of-the-children-without-cancer-connected-race\/#article","isPartOf":{"@id":"https:\/\/imagineformargo.org\/en\/splendid-9th-edition-of-the-children-without-cancer-connected-race\/"},"author":{"name":"delphine","@id":"https:\/\/imagineformargo.org\/#\/schema\/person\/ee85293fb6308c35a7dec280eb24a901"},"headline":"Splendid 9th edition of the Children without Cancer connected race","datePublished":"2020-10-02T11:34:18+00:00","dateModified":"2020-10-02T11:35:17+00:00","mainEntityOfPage":{"@id":"https:\/\/imagineformargo.org\/en\/splendid-9th-edition-of-the-children-without-cancer-connected-race\/"},"wordCount":233,"commentCount":0,"publisher":{"@id":"https:\/\/imagineformargo.org\/#organization"},"image":{"@id":"https:\/\/imagineformargo.org\/en\/splendid-9th-edition-of-the-children-without-cancer-connected-race\/#primaryimage"},"thumbnailUrl":"https:\/\/imagineformargo.org\/wp-content\/uploads\/capture-d\u2019ecran-2020-09-30-a-18.22.42.png","articleSection":["News (I4M)"],"inLanguage":"en-US","potentialAction":[{"@type":"CommentAction","name":"Comment","target":["https:\/\/imagineformargo.org\/en\/splendid-9th-edition-of-the-children-without-cancer-connected-race\/#respond"]}]},{"@type":"WebPage","@id":"https:\/\/imagineformargo.org\/en\/splendid-9th-edition-of-the-children-without-cancer-connected-race\/","url":"https:\/\/imagineformargo.org\/en\/splendid-9th-edition-of-the-children-without-cancer-connected-race\/","name":"Splendid 9th edition of the Children without Cancer connected race - Imagine for Margo","isPartOf":{"@id":"https:\/\/imagineformargo.org\/#website"},"primaryImageOfPage":{"@id":"https:\/\/imagineformargo.org\/en\/splendid-9th-edition-of-the-children-without-cancer-connected-race\/#primaryimage"},"image":{"@id":"https:\/\/imagineformargo.org\/en\/splendid-9th-edition-of-the-children-without-cancer-connected-race\/#primaryimage"},"thumbnailUrl":"https:\/\/imagineformargo.org\/wp-content\/uploads\/capture-d\u2019ecran-2020-09-30-a-18.22.42.png","datePublished":"2020-10-02T11:34:18+00:00","dateModified":"2020-10-02T11:35:17+00:00","breadcrumb":{"@id":"https:\/\/imagineformargo.org\/en\/splendid-9th-edition-of-the-children-without-cancer-connected-race\/#breadcrumb"},"inLanguage":"en-US","potentialAction":[{"@type":"ReadAction","target":["https:\/\/imagineformargo.org\/en\/splendid-9th-edition-of-the-children-without-cancer-connected-race\/"]}]},{"@type":"ImageObject","inLanguage":"en-US","@id":"https:\/\/imagineformargo.org\/en\/splendid-9th-edition-of-the-children-without-cancer-connected-race\/#primaryimage","url":"https:\/\/imagineformargo.org\/wp-content\/uploads\/capture-d\u2019ecran-2020-09-30-a-18.22.42.png","contentUrl":"https:\/\/imagineformargo.org\/wp-content\/uploads\/capture-d\u2019ecran-2020-09-30-a-18.22.42.png","width":1582,"height":1082},{"@type":"BreadcrumbList","@id":"https:\/\/imagineformargo.org\/en\/splendid-9th-edition-of-the-children-without-cancer-connected-race\/#breadcrumb","itemListElement":[{"@type":"ListItem","position":1,"name":"Accueil","item":"https:\/\/imagineformargo.org\/en\/"},{"@type":"ListItem","position":2,"name":"Splendid 9th edition of the Children without Cancer connected race"}]},{"@type":"WebSite","@id":"https:\/\/imagineformargo.org\/#website","url":"https:\/\/imagineformargo.org\/","name":"Imagine for Margo","description":"Children without Cancer","publisher":{"@id":"https:\/\/imagineformargo.org\/#organization"},"potentialAction":[{"@type":"SearchAction","target":{"@type":"EntryPoint","urlTemplate":"https:\/\/imagineformargo.org\/?s={search_term_string}"},"query-input":{"@type":"PropertyValueSpecification","valueRequired":true,"valueName":"search_term_string"}}],"inLanguage":"en-US"},{"@type":"Organization","@id":"https:\/\/imagineformargo.org\/#organization","name":"Imagine for Margo","url":"https:\/\/imagineformargo.org\/","logo":{"@type":"ImageObject","inLanguage":"en-US","@id":"https:\/\/imagineformargo.org\/#\/schema\/logo\/image\/","url":"https:\/\/imagineformargo.org\/wp-content\/uploads\/logo-imagine-for-margo-long.png","contentUrl":"https:\/\/imagineformargo.org\/wp-content\/uploads\/logo-imagine-for-margo-long.png","width":1911,"height":623,"caption":"Imagine for Margo"},"image":{"@id":"https:\/\/imagineformargo.org\/#\/schema\/logo\/image\/"},"sameAs":["https:\/\/www.facebook.com\/imagine.for.margo\/","https:\/\/x.com\/ImagineforMargo","https:\/\/www.instagram.com\/imagineformargo_officiel\/","https:\/\/www.linkedin.com\/company\/imagine-for-margo\/","https:\/\/www.youtube.com\/@imagineformargo2352","https:\/\/www.tiktok.com\/@imagine_for_margo"]},{"@type":"Person","@id":"https:\/\/imagineformargo.org\/#\/schema\/person\/ee85293fb6308c35a7dec280eb24a901","name":"delphine","image":{"@type":"ImageObject","inLanguage":"en-US","@id":"https:\/\/secure.gravatar.com\/avatar\/cfef7c2708ce5c212b75f2514b3b2bf8a8979f7312d491625e481db8e0eba79d?s=96&d=mm&r=g","url":"https:\/\/secure.gravatar.com\/avatar\/cfef7c2708ce5c212b75f2514b3b2bf8a8979f7312d491625e481db8e0eba79d?s=96&d=mm&r=g","contentUrl":"https:\/\/secure.gravatar.com\/avatar\/cfef7c2708ce5c212b75f2514b3b2bf8a8979f7312d491625e481db8e0eba79d?s=96&d=mm&r=g","caption":"delphine"},"url":"https:\/\/imagineformargo.org\/en\/author\/delphine\/"}]}},"_links":{"self":[{"href":"https:\/\/imagineformargo.org\/en\/wp-json\/wp\/v2\/posts\/23368","targetHints":{"allow":["GET"]}}],"collection":[{"href":"https:\/\/imagineformargo.org\/en\/wp-json\/wp\/v2\/posts"}],"about":[{"href":"https:\/\/imagineformargo.org\/en\/wp-json\/wp\/v2\/types\/post"}],"author":[{"embeddable":true,"href":"https:\/\/imagineformargo.org\/en\/wp-json\/wp\/v2\/users\/14"}],"replies":[{"embeddable":true,"href":"https:\/\/imagineformargo.org\/en\/wp-json\/wp\/v2\/comments?post=23368"}],"version-history":[{"count":2,"href":"https:\/\/imagineformargo.org\/en\/wp-json\/wp\/v2\/posts\/23368\/revisions"}],"predecessor-version":[{"id":23371,"href":"https:\/\/imagineformargo.org\/en\/wp-json\/wp\/v2\/posts\/23368\/revisions\/23371"}],"wp:featuredmedia":[{"embeddable":true,"href":"https:\/\/imagineformargo.org\/en\/wp-json\/wp\/v2\/media\/23364"}],"wp:attachment":[{"href":"https:\/\/imagineformargo.org\/en\/wp-json\/wp\/v2\/media?parent=23368"}],"wp:term":[{"taxonomy":"category","embeddable":true,"href":"https:\/\/imagineformargo.org\/en\/wp-json\/wp\/v2\/categories?post=23368"},{"taxonomy":"post_tag","embeddable":true,"href":"https:\/\/imagineformargo.org\/en\/wp-json\/wp\/v2\/tags?post=23368"}],"curies":[{"name":"wp","href":"https:\/\/api.w.org\/{rel}","templated":true}]}}