{"id":30771,"date":"2024-02-17T08:19:11","date_gmt":"2024-02-17T07:19:11","guid":{"rendered":"https:\/\/imagineformargo.org\/?p=30771"},"modified":"2024-04-17T08:21:43","modified_gmt":"2024-04-17T06:21:43","slug":"manifesto-in-the-european-parliament-to-defeat-pediatric-cancers","status":"publish","type":"post","link":"https:\/\/imagineformargo.org\/en\/manifesto-in-the-european-parliament-to-defeat-pediatric-cancers\/","title":{"rendered":"MANIFESTO IN THE EUROPEAN PARLIAMENT TO DEFEAT PEDIATRIC CANCERS"},"content":{"rendered":"<p><a href=\"https:\/\/imagineformargo.org\/wp-content\/uploads\/2024\/02\/manifeste-parlement-europeen-cancers-pediatriques.jpeg\"><img loading=\"lazy\" decoding=\"async\" class=\"wp-image-30503 size-full aligncenter\" src=\"https:\/\/imagineformargo.org\/wp-content\/uploads\/2024\/02\/manifeste-parlement-europeen-cancers-pediatriques.jpeg\" alt=\"Manifeste de la communaut\u00e9 du cancer p\u00e9diatrique au Parlement Europ\u00e9en\" width=\"1280\" height=\"676\" srcset=\"https:\/\/imagineformargo.org\/wp-content\/uploads\/2024\/02\/manifeste-parlement-europeen-cancers-pediatriques.jpeg 1280w, https:\/\/imagineformargo.org\/wp-content\/uploads\/2024\/02\/manifeste-parlement-europeen-cancers-pediatriques-1000x528.jpeg 1000w, https:\/\/imagineformargo.org\/wp-content\/uploads\/2024\/02\/manifeste-parlement-europeen-cancers-pediatriques-768x406.jpeg 768w, https:\/\/imagineformargo.org\/wp-content\/uploads\/2024\/02\/manifeste-parlement-europeen-cancers-pediatriques-189x100.jpeg 189w\" sizes=\"auto, (max-width: 1280px) 100vw, 1280px\" \/><\/a><\/p>\n<p>At the dawn of International Childhood Cancer Day, our President, Patricia Blanc, invited by <a href=\"https:\/\/ccieurope.eu\/\">Childhood Cancer International Europe<\/a> and <a href=\"https:\/\/siope.eu\/\">SIOPE<\/a> (the European Society for Pediatric Oncology), participated, with many experts, in the \u201cLaunch of the manifesto of the European pediatric cancer community: Heal more, Heal better and Reduce inequalities\u201d in the European Parliament, a few months before the next elections.<\/p>\n<p>On this occasion, our President was able to speak about the urgency of putting in place incentives for the development of drugs dedicated to children:<\/p>\n<p><a href=\"https:\/\/imagineformargo.org\/wp-content\/uploads\/2024\/02\/1707908433714.jpeg\"><img loading=\"lazy\" decoding=\"async\" class=\"alignleft wp-image-30506\" src=\"https:\/\/imagineformargo.org\/wp-content\/uploads\/2024\/02\/1707908433714-215x215.jpeg\" alt=\"Patricia Blanc, pr\u00e9sidente d'Imagine for Margo, au Parlement Europ\u00e9en pour le lancement du manifeste de la communaut\u00e9 du cancer p\u00e9diatrique\" width=\"269\" height=\"269\" srcset=\"https:\/\/imagineformargo.org\/wp-content\/uploads\/2024\/02\/1707908433714-215x215.jpeg 215w, https:\/\/imagineformargo.org\/wp-content\/uploads\/2024\/02\/1707908433714-50x50.jpeg 50w, https:\/\/imagineformargo.org\/wp-content\/uploads\/2024\/02\/1707908433714-170x170.jpeg 170w, https:\/\/imagineformargo.org\/wp-content\/uploads\/2024\/02\/1707908433714-130x130.jpeg 130w, https:\/\/imagineformargo.org\/wp-content\/uploads\/2024\/02\/1707908433714-65x65.jpeg 65w, https:\/\/imagineformargo.org\/wp-content\/uploads\/2024\/02\/1707908433714-150x150.jpeg 150w, https:\/\/imagineformargo.org\/wp-content\/uploads\/2024\/02\/1707908433714-360x360.jpeg 360w\" sizes=\"auto, (max-width: 269px) 100vw, 269px\" \/><\/a>\u201cIn pediatric oncology, drug development should be geared toward addressing the unmet medical needs of children and not relying solely on drugs developed for adults. Children are not miniature versions of adults; they deserve tailor-made treatments, adapted to their age and condition. There is an urgent need to prioritize and encourage the development of medicines specific to children in Europe. It is one of the main priorities for saving children\u2019s lives, reducing long-term after-effects and ensuring a healthier future as adults. \u00bb<\/p>\n<p>The launch of the manifesto at the European Parliament marks a crucial moment to catalyze change, particularly in the context of the upcoming elections, define concrete strategies and improve the lives of children and their families across Europe.<\/p>\n<p>The call to action for MEPs will hopefully inspire them to support the policy changes, resource allocation and collaborative efforts needed to address the multiple challenges of pediatric cancers.<\/p>\n<p>More information on the manifesto : <a href=\"https:\/\/siope.eu\/activities\/european-advocacy\/european-elections-manifesto-2024\">https:\/\/siope.eu\/activities\/european-advocacy\/european-elections-manifesto-2024<\/a><\/p>\n<p>Pediatric cancer remains a significant public health problem in Europe, accounting for a considerable proportion of childhood mortality and contributing to long-term health problems for survivors. Despite the progress made, there is a need to coordinate efforts at European level to combat this deadly disease. The European Manifesto on Pediatric Oncology highlights critical areas that require particular attention, including the review of pharmaceutical legislation, the allocation of resources to research, the sustainability of the European Cancer Data Initiative the child, improving the quality of care, mental health and psychosocial care, as well as long-term care models for survivors, as well as the causes of illness, cancer and environmental aspects.<\/p>\n<p>The discussion panel will focus on inequalities in childhood cancer in Europe in two parts: equal access to quality care and equal access to research and innovation. Additionally, results from the OCEAN project, which mapped the organization of care and research in Europe to provide an overview of pediatric cancer centers that provide care and research for children and adolescents suffering from cancer throughout Europe, will be highlighted.<\/p>\n<p>The fight continues: GO, FIGHT, WIN!<\/p>\n<p>&nbsp;<\/p>\n","protected":false},"excerpt":{"rendered":"<p>At the dawn of International Childhood Cancer Day, our President, Patricia Blanc, invited by Childhood Cancer International Europe and SIOPE (the European Society for Pediatric Oncology), participated, with many experts, in the \u201cLaunch of the manifesto of the European pediatric cancer community: Heal more, Heal better and Reduce inequalities\u201d in the European Parliament, a few [&hellip;]<\/p>\n","protected":false},"author":15,"featured_media":30507,"comment_status":"open","ping_status":"open","sticky":false,"template":"","format":"standard","meta":{"_acf_changed":false,"footnotes":""},"categories":[224],"tags":[],"class_list":["post-30771","post","type-post","status-publish","format-standard","has-post-thumbnail","hentry","category-news-i4m"],"acf":[],"yoast_head":"<!-- This site is optimized with the Yoast SEO plugin v27.2 - https:\/\/yoast.com\/product\/yoast-seo-wordpress\/ -->\n<title>MANIFESTO IN THE EUROPEAN PARLIAMENT TO DEFEAT PEDIATRIC CANCERS - Imagine for Margo<\/title>\n<meta name=\"description\" content=\"Lancement au Parlement Europ\u00e9en du manifeste de la communaut\u00e9 europ\u00e9enne du cancer p\u00e9diatrique pour gu\u00e9rir plus, gu\u00e9rir mieux et r\u00e9duire les in\u00e9galit\u00e9s.\" \/>\n<meta name=\"robots\" content=\"index, follow, max-snippet:-1, max-image-preview:large, max-video-preview:-1\" \/>\n<link rel=\"canonical\" href=\"https:\/\/imagineformargo.org\/en\/manifesto-in-the-european-parliament-to-defeat-pediatric-cancers\/\" \/>\n<meta property=\"og:locale\" content=\"en_US\" \/>\n<meta property=\"og:type\" content=\"article\" \/>\n<meta property=\"og:title\" content=\"MANIFESTO IN THE EUROPEAN PARLIAMENT TO DEFEAT PEDIATRIC CANCERS - Imagine for Margo\" \/>\n<meta property=\"og:description\" content=\"Lancement au Parlement Europ\u00e9en du manifeste de la communaut\u00e9 europ\u00e9enne du cancer p\u00e9diatrique pour gu\u00e9rir plus, gu\u00e9rir mieux et r\u00e9duire les in\u00e9galit\u00e9s.\" \/>\n<meta property=\"og:url\" content=\"https:\/\/imagineformargo.org\/en\/manifesto-in-the-european-parliament-to-defeat-pediatric-cancers\/\" \/>\n<meta property=\"og:site_name\" content=\"Imagine for Margo\" \/>\n<meta property=\"article:publisher\" content=\"https:\/\/www.facebook.com\/imagine.for.margo\/\" \/>\n<meta property=\"article:published_time\" content=\"2024-02-17T07:19:11+00:00\" \/>\n<meta property=\"article:modified_time\" content=\"2024-04-17T06:21:43+00:00\" \/>\n<meta property=\"og:image\" content=\"https:\/\/imagineformargo.org\/wp-content\/uploads\/2024\/02\/1707908433714.jpeg\" \/>\n\t<meta property=\"og:image:width\" content=\"1280\" \/>\n\t<meta property=\"og:image:height\" content=\"686\" \/>\n\t<meta property=\"og:image:type\" content=\"image\/jpeg\" \/>\n<meta name=\"author\" content=\"maxime\" \/>\n<meta name=\"twitter:card\" content=\"summary_large_image\" \/>\n<meta name=\"twitter:creator\" content=\"@ImagineforMargo\" \/>\n<meta name=\"twitter:site\" content=\"@ImagineforMargo\" \/>\n<meta name=\"twitter:label1\" content=\"Written by\" \/>\n\t<meta name=\"twitter:data1\" content=\"maxime\" \/>\n\t<meta name=\"twitter:label2\" content=\"Est. reading time\" \/>\n\t<meta name=\"twitter:data2\" content=\"3 minutes\" \/>\n<script type=\"application\/ld+json\" class=\"yoast-schema-graph\">{\"@context\":\"https:\/\/schema.org\",\"@graph\":[{\"@type\":\"Article\",\"@id\":\"https:\/\/imagineformargo.org\/en\/manifesto-in-the-european-parliament-to-defeat-pediatric-cancers\/#article\",\"isPartOf\":{\"@id\":\"https:\/\/imagineformargo.org\/en\/manifesto-in-the-european-parliament-to-defeat-pediatric-cancers\/\"},\"author\":{\"name\":\"maxime\",\"@id\":\"https:\/\/imagineformargo.org\/#\/schema\/person\/9302f895b030f3b2809b9b9bf74010a9\"},\"headline\":\"MANIFESTO IN THE EUROPEAN PARLIAMENT TO DEFEAT PEDIATRIC CANCERS\",\"datePublished\":\"2024-02-17T07:19:11+00:00\",\"dateModified\":\"2024-04-17T06:21:43+00:00\",\"mainEntityOfPage\":{\"@id\":\"https:\/\/imagineformargo.org\/en\/manifesto-in-the-european-parliament-to-defeat-pediatric-cancers\/\"},\"wordCount\":438,\"commentCount\":0,\"publisher\":{\"@id\":\"https:\/\/imagineformargo.org\/#organization\"},\"image\":{\"@id\":\"https:\/\/imagineformargo.org\/en\/manifesto-in-the-european-parliament-to-defeat-pediatric-cancers\/#primaryimage\"},\"thumbnailUrl\":\"https:\/\/imagineformargo.org\/wp-content\/uploads\/2024\/02\/1707908433714.jpeg\",\"articleSection\":[\"News (I4M)\"],\"inLanguage\":\"en-US\",\"potentialAction\":[{\"@type\":\"CommentAction\",\"name\":\"Comment\",\"target\":[\"https:\/\/imagineformargo.org\/en\/manifesto-in-the-european-parliament-to-defeat-pediatric-cancers\/#respond\"]}]},{\"@type\":\"WebPage\",\"@id\":\"https:\/\/imagineformargo.org\/en\/manifesto-in-the-european-parliament-to-defeat-pediatric-cancers\/\",\"url\":\"https:\/\/imagineformargo.org\/en\/manifesto-in-the-european-parliament-to-defeat-pediatric-cancers\/\",\"name\":\"MANIFESTO IN THE EUROPEAN PARLIAMENT TO DEFEAT PEDIATRIC CANCERS - Imagine for Margo\",\"isPartOf\":{\"@id\":\"https:\/\/imagineformargo.org\/#website\"},\"primaryImageOfPage\":{\"@id\":\"https:\/\/imagineformargo.org\/en\/manifesto-in-the-european-parliament-to-defeat-pediatric-cancers\/#primaryimage\"},\"image\":{\"@id\":\"https:\/\/imagineformargo.org\/en\/manifesto-in-the-european-parliament-to-defeat-pediatric-cancers\/#primaryimage\"},\"thumbnailUrl\":\"https:\/\/imagineformargo.org\/wp-content\/uploads\/2024\/02\/1707908433714.jpeg\",\"datePublished\":\"2024-02-17T07:19:11+00:00\",\"dateModified\":\"2024-04-17T06:21:43+00:00\",\"description\":\"Lancement au Parlement Europ\u00e9en du manifeste de la communaut\u00e9 europ\u00e9enne du cancer p\u00e9diatrique pour gu\u00e9rir plus, gu\u00e9rir mieux et r\u00e9duire les in\u00e9galit\u00e9s.\",\"breadcrumb\":{\"@id\":\"https:\/\/imagineformargo.org\/en\/manifesto-in-the-european-parliament-to-defeat-pediatric-cancers\/#breadcrumb\"},\"inLanguage\":\"en-US\",\"potentialAction\":[{\"@type\":\"ReadAction\",\"target\":[\"https:\/\/imagineformargo.org\/en\/manifesto-in-the-european-parliament-to-defeat-pediatric-cancers\/\"]}]},{\"@type\":\"ImageObject\",\"inLanguage\":\"en-US\",\"@id\":\"https:\/\/imagineformargo.org\/en\/manifesto-in-the-european-parliament-to-defeat-pediatric-cancers\/#primaryimage\",\"url\":\"https:\/\/imagineformargo.org\/wp-content\/uploads\/2024\/02\/1707908433714.jpeg\",\"contentUrl\":\"https:\/\/imagineformargo.org\/wp-content\/uploads\/2024\/02\/1707908433714.jpeg\",\"width\":1280,\"height\":686},{\"@type\":\"BreadcrumbList\",\"@id\":\"https:\/\/imagineformargo.org\/en\/manifesto-in-the-european-parliament-to-defeat-pediatric-cancers\/#breadcrumb\",\"itemListElement\":[{\"@type\":\"ListItem\",\"position\":1,\"name\":\"Accueil\",\"item\":\"https:\/\/imagineformargo.org\/en\/\"},{\"@type\":\"ListItem\",\"position\":2,\"name\":\"MANIFESTO IN THE EUROPEAN PARLIAMENT TO DEFEAT PEDIATRIC CANCERS\"}]},{\"@type\":\"WebSite\",\"@id\":\"https:\/\/imagineformargo.org\/#website\",\"url\":\"https:\/\/imagineformargo.org\/\",\"name\":\"Imagine for Margo\",\"description\":\"Children without Cancer\",\"publisher\":{\"@id\":\"https:\/\/imagineformargo.org\/#organization\"},\"potentialAction\":[{\"@type\":\"SearchAction\",\"target\":{\"@type\":\"EntryPoint\",\"urlTemplate\":\"https:\/\/imagineformargo.org\/?s={search_term_string}\"},\"query-input\":{\"@type\":\"PropertyValueSpecification\",\"valueRequired\":true,\"valueName\":\"search_term_string\"}}],\"inLanguage\":\"en-US\"},{\"@type\":\"Organization\",\"@id\":\"https:\/\/imagineformargo.org\/#organization\",\"name\":\"Imagine for Margo\",\"url\":\"https:\/\/imagineformargo.org\/\",\"logo\":{\"@type\":\"ImageObject\",\"inLanguage\":\"en-US\",\"@id\":\"https:\/\/imagineformargo.org\/#\/schema\/logo\/image\/\",\"url\":\"https:\/\/imagineformargo.org\/wp-content\/uploads\/logo-imagine-for-margo-long.png\",\"contentUrl\":\"https:\/\/imagineformargo.org\/wp-content\/uploads\/logo-imagine-for-margo-long.png\",\"width\":1911,\"height\":623,\"caption\":\"Imagine for Margo\"},\"image\":{\"@id\":\"https:\/\/imagineformargo.org\/#\/schema\/logo\/image\/\"},\"sameAs\":[\"https:\/\/www.facebook.com\/imagine.for.margo\/\",\"https:\/\/x.com\/ImagineforMargo\",\"https:\/\/www.instagram.com\/imagineformargo_officiel\/\",\"https:\/\/www.linkedin.com\/company\/imagine-for-margo\/\",\"https:\/\/www.youtube.com\/@imagineformargo2352\",\"https:\/\/www.tiktok.com\/@imagine_for_margo\"]},{\"@type\":\"Person\",\"@id\":\"https:\/\/imagineformargo.org\/#\/schema\/person\/9302f895b030f3b2809b9b9bf74010a9\",\"name\":\"maxime\",\"image\":{\"@type\":\"ImageObject\",\"inLanguage\":\"en-US\",\"@id\":\"https:\/\/secure.gravatar.com\/avatar\/d3b39cc703e721090e19b4a3be555cd8add7edc938ef5106854395f0f1e0e55f?s=96&d=mm&r=g\",\"url\":\"https:\/\/secure.gravatar.com\/avatar\/d3b39cc703e721090e19b4a3be555cd8add7edc938ef5106854395f0f1e0e55f?s=96&d=mm&r=g\",\"contentUrl\":\"https:\/\/secure.gravatar.com\/avatar\/d3b39cc703e721090e19b4a3be555cd8add7edc938ef5106854395f0f1e0e55f?s=96&d=mm&r=g\",\"caption\":\"maxime\"},\"url\":\"https:\/\/imagineformargo.org\/en\/author\/maxime\/\"}]}<\/script>\n<!-- \/ Yoast SEO plugin. -->","yoast_head_json":{"title":"MANIFESTO IN THE EUROPEAN PARLIAMENT TO DEFEAT PEDIATRIC CANCERS - Imagine for Margo","description":"Lancement au Parlement Europ\u00e9en du manifeste de la communaut\u00e9 europ\u00e9enne du cancer p\u00e9diatrique pour gu\u00e9rir plus, gu\u00e9rir mieux et r\u00e9duire les in\u00e9galit\u00e9s.","robots":{"index":"index","follow":"follow","max-snippet":"max-snippet:-1","max-image-preview":"max-image-preview:large","max-video-preview":"max-video-preview:-1"},"canonical":"https:\/\/imagineformargo.org\/en\/manifesto-in-the-european-parliament-to-defeat-pediatric-cancers\/","og_locale":"en_US","og_type":"article","og_title":"MANIFESTO IN THE EUROPEAN PARLIAMENT TO DEFEAT PEDIATRIC CANCERS - Imagine for Margo","og_description":"Lancement au Parlement Europ\u00e9en du manifeste de la communaut\u00e9 europ\u00e9enne du cancer p\u00e9diatrique pour gu\u00e9rir plus, gu\u00e9rir mieux et r\u00e9duire les in\u00e9galit\u00e9s.","og_url":"https:\/\/imagineformargo.org\/en\/manifesto-in-the-european-parliament-to-defeat-pediatric-cancers\/","og_site_name":"Imagine for Margo","article_publisher":"https:\/\/www.facebook.com\/imagine.for.margo\/","article_published_time":"2024-02-17T07:19:11+00:00","article_modified_time":"2024-04-17T06:21:43+00:00","og_image":[{"width":1280,"height":686,"url":"https:\/\/imagineformargo.org\/wp-content\/uploads\/2024\/02\/1707908433714.jpeg","type":"image\/jpeg"}],"author":"maxime","twitter_card":"summary_large_image","twitter_creator":"@ImagineforMargo","twitter_site":"@ImagineforMargo","twitter_misc":{"Written by":"maxime","Est. reading time":"3 minutes"},"schema":{"@context":"https:\/\/schema.org","@graph":[{"@type":"Article","@id":"https:\/\/imagineformargo.org\/en\/manifesto-in-the-european-parliament-to-defeat-pediatric-cancers\/#article","isPartOf":{"@id":"https:\/\/imagineformargo.org\/en\/manifesto-in-the-european-parliament-to-defeat-pediatric-cancers\/"},"author":{"name":"maxime","@id":"https:\/\/imagineformargo.org\/#\/schema\/person\/9302f895b030f3b2809b9b9bf74010a9"},"headline":"MANIFESTO IN THE EUROPEAN PARLIAMENT TO DEFEAT PEDIATRIC CANCERS","datePublished":"2024-02-17T07:19:11+00:00","dateModified":"2024-04-17T06:21:43+00:00","mainEntityOfPage":{"@id":"https:\/\/imagineformargo.org\/en\/manifesto-in-the-european-parliament-to-defeat-pediatric-cancers\/"},"wordCount":438,"commentCount":0,"publisher":{"@id":"https:\/\/imagineformargo.org\/#organization"},"image":{"@id":"https:\/\/imagineformargo.org\/en\/manifesto-in-the-european-parliament-to-defeat-pediatric-cancers\/#primaryimage"},"thumbnailUrl":"https:\/\/imagineformargo.org\/wp-content\/uploads\/2024\/02\/1707908433714.jpeg","articleSection":["News (I4M)"],"inLanguage":"en-US","potentialAction":[{"@type":"CommentAction","name":"Comment","target":["https:\/\/imagineformargo.org\/en\/manifesto-in-the-european-parliament-to-defeat-pediatric-cancers\/#respond"]}]},{"@type":"WebPage","@id":"https:\/\/imagineformargo.org\/en\/manifesto-in-the-european-parliament-to-defeat-pediatric-cancers\/","url":"https:\/\/imagineformargo.org\/en\/manifesto-in-the-european-parliament-to-defeat-pediatric-cancers\/","name":"MANIFESTO IN THE EUROPEAN PARLIAMENT TO DEFEAT PEDIATRIC CANCERS - Imagine for Margo","isPartOf":{"@id":"https:\/\/imagineformargo.org\/#website"},"primaryImageOfPage":{"@id":"https:\/\/imagineformargo.org\/en\/manifesto-in-the-european-parliament-to-defeat-pediatric-cancers\/#primaryimage"},"image":{"@id":"https:\/\/imagineformargo.org\/en\/manifesto-in-the-european-parliament-to-defeat-pediatric-cancers\/#primaryimage"},"thumbnailUrl":"https:\/\/imagineformargo.org\/wp-content\/uploads\/2024\/02\/1707908433714.jpeg","datePublished":"2024-02-17T07:19:11+00:00","dateModified":"2024-04-17T06:21:43+00:00","description":"Lancement au Parlement Europ\u00e9en du manifeste de la communaut\u00e9 europ\u00e9enne du cancer p\u00e9diatrique pour gu\u00e9rir plus, gu\u00e9rir mieux et r\u00e9duire les in\u00e9galit\u00e9s.","breadcrumb":{"@id":"https:\/\/imagineformargo.org\/en\/manifesto-in-the-european-parliament-to-defeat-pediatric-cancers\/#breadcrumb"},"inLanguage":"en-US","potentialAction":[{"@type":"ReadAction","target":["https:\/\/imagineformargo.org\/en\/manifesto-in-the-european-parliament-to-defeat-pediatric-cancers\/"]}]},{"@type":"ImageObject","inLanguage":"en-US","@id":"https:\/\/imagineformargo.org\/en\/manifesto-in-the-european-parliament-to-defeat-pediatric-cancers\/#primaryimage","url":"https:\/\/imagineformargo.org\/wp-content\/uploads\/2024\/02\/1707908433714.jpeg","contentUrl":"https:\/\/imagineformargo.org\/wp-content\/uploads\/2024\/02\/1707908433714.jpeg","width":1280,"height":686},{"@type":"BreadcrumbList","@id":"https:\/\/imagineformargo.org\/en\/manifesto-in-the-european-parliament-to-defeat-pediatric-cancers\/#breadcrumb","itemListElement":[{"@type":"ListItem","position":1,"name":"Accueil","item":"https:\/\/imagineformargo.org\/en\/"},{"@type":"ListItem","position":2,"name":"MANIFESTO IN THE EUROPEAN PARLIAMENT TO DEFEAT PEDIATRIC CANCERS"}]},{"@type":"WebSite","@id":"https:\/\/imagineformargo.org\/#website","url":"https:\/\/imagineformargo.org\/","name":"Imagine for Margo","description":"Children without Cancer","publisher":{"@id":"https:\/\/imagineformargo.org\/#organization"},"potentialAction":[{"@type":"SearchAction","target":{"@type":"EntryPoint","urlTemplate":"https:\/\/imagineformargo.org\/?s={search_term_string}"},"query-input":{"@type":"PropertyValueSpecification","valueRequired":true,"valueName":"search_term_string"}}],"inLanguage":"en-US"},{"@type":"Organization","@id":"https:\/\/imagineformargo.org\/#organization","name":"Imagine for Margo","url":"https:\/\/imagineformargo.org\/","logo":{"@type":"ImageObject","inLanguage":"en-US","@id":"https:\/\/imagineformargo.org\/#\/schema\/logo\/image\/","url":"https:\/\/imagineformargo.org\/wp-content\/uploads\/logo-imagine-for-margo-long.png","contentUrl":"https:\/\/imagineformargo.org\/wp-content\/uploads\/logo-imagine-for-margo-long.png","width":1911,"height":623,"caption":"Imagine for Margo"},"image":{"@id":"https:\/\/imagineformargo.org\/#\/schema\/logo\/image\/"},"sameAs":["https:\/\/www.facebook.com\/imagine.for.margo\/","https:\/\/x.com\/ImagineforMargo","https:\/\/www.instagram.com\/imagineformargo_officiel\/","https:\/\/www.linkedin.com\/company\/imagine-for-margo\/","https:\/\/www.youtube.com\/@imagineformargo2352","https:\/\/www.tiktok.com\/@imagine_for_margo"]},{"@type":"Person","@id":"https:\/\/imagineformargo.org\/#\/schema\/person\/9302f895b030f3b2809b9b9bf74010a9","name":"maxime","image":{"@type":"ImageObject","inLanguage":"en-US","@id":"https:\/\/secure.gravatar.com\/avatar\/d3b39cc703e721090e19b4a3be555cd8add7edc938ef5106854395f0f1e0e55f?s=96&d=mm&r=g","url":"https:\/\/secure.gravatar.com\/avatar\/d3b39cc703e721090e19b4a3be555cd8add7edc938ef5106854395f0f1e0e55f?s=96&d=mm&r=g","contentUrl":"https:\/\/secure.gravatar.com\/avatar\/d3b39cc703e721090e19b4a3be555cd8add7edc938ef5106854395f0f1e0e55f?s=96&d=mm&r=g","caption":"maxime"},"url":"https:\/\/imagineformargo.org\/en\/author\/maxime\/"}]}},"_links":{"self":[{"href":"https:\/\/imagineformargo.org\/en\/wp-json\/wp\/v2\/posts\/30771","targetHints":{"allow":["GET"]}}],"collection":[{"href":"https:\/\/imagineformargo.org\/en\/wp-json\/wp\/v2\/posts"}],"about":[{"href":"https:\/\/imagineformargo.org\/en\/wp-json\/wp\/v2\/types\/post"}],"author":[{"embeddable":true,"href":"https:\/\/imagineformargo.org\/en\/wp-json\/wp\/v2\/users\/15"}],"replies":[{"embeddable":true,"href":"https:\/\/imagineformargo.org\/en\/wp-json\/wp\/v2\/comments?post=30771"}],"version-history":[{"count":2,"href":"https:\/\/imagineformargo.org\/en\/wp-json\/wp\/v2\/posts\/30771\/revisions"}],"predecessor-version":[{"id":30775,"href":"https:\/\/imagineformargo.org\/en\/wp-json\/wp\/v2\/posts\/30771\/revisions\/30775"}],"wp:featuredmedia":[{"embeddable":true,"href":"https:\/\/imagineformargo.org\/en\/wp-json\/wp\/v2\/media\/30507"}],"wp:attachment":[{"href":"https:\/\/imagineformargo.org\/en\/wp-json\/wp\/v2\/media?parent=30771"}],"wp:term":[{"taxonomy":"category","embeddable":true,"href":"https:\/\/imagineformargo.org\/en\/wp-json\/wp\/v2\/categories?post=30771"},{"taxonomy":"post_tag","embeddable":true,"href":"https:\/\/imagineformargo.org\/en\/wp-json\/wp\/v2\/tags?post=30771"}],"curies":[{"name":"wp","href":"https:\/\/api.w.org\/{rel}","templated":true}]}}